{"id":8168,"date":"2025-02-26T18:55:00","date_gmt":"2025-02-26T17:55:00","guid":{"rendered":"https:\/\/piquin-restaurant.fr\/blog\/?p=8168"},"modified":"2025-02-10T16:24:26","modified_gmt":"2025-02-10T15:24:26","slug":"recette-savoureuse-patate-douce-carotte-et-pomme-de-terre","status":"publish","type":"post","link":"https:\/\/piquin-restaurant.fr\/blog\/a-la-une\/recette-savoureuse-patate-douce-carotte-et-pomme-de-terre\/","title":{"rendered":"Recette savoureuse : patate douce, carotte et pomme de terre"},"content":{"rendered":"<h2>Introduction<\/h2>\n<p>Ne cherchez plus ! La combinaison de la patate douce, de la carotte et de la pomme de terre offre une explosion de saveurs tout en \u00e9tant riche en nutriments. Que ce soit pour un d\u00eener en famille ou une occasion sp\u00e9ciale, ce plat saura s\u00e9duire les papilles de tous. Comment pr\u00e9parer ce m\u00e9lange color\u00e9 et sain ? Suivez le guide !<\/p>\n<h2>Les bienfaits des ingr\u00e9dients<\/h2>\n<p>Avant de plonger dans la recette, d\u00e9couvrons les atouts de ces l\u00e9gumes.<\/p>\n<blockquote class=\"wp-embedded-content\" data-secret=\"TDyViYTp2Q\"><p><a href=\"https:\/\/piquin-restaurant.fr\/blog\/a-la-une\/decouvrez-la-recette-du-geant-vert-un-delice-a-partager\/\">D\u00e9couvrez la recette du g\u00e9ant vert : un d\u00e9lice \u00e0 partager<\/a><\/p><\/blockquote>\n<p><iframe loading=\"lazy\" class=\"wp-embedded-content\" sandbox=\"allow-scripts\" security=\"restricted\" style=\"position: absolute; visibility: hidden;\" title=\"\u00ab\u00a0D\u00e9couvrez la recette du g\u00e9ant vert : un d\u00e9lice \u00e0 partager\u00a0\u00bb &#8212; piquin-restaurant\" src=\"https:\/\/piquin-restaurant.fr\/blog\/a-la-une\/decouvrez-la-recette-du-geant-vert-un-delice-a-partager\/embed\/#?secret=43uyYMgUlI#?secret=TDyViYTp2Q\" data-secret=\"TDyViYTp2Q\" width=\"600\" height=\"338\" frameborder=\"0\" marginwidth=\"0\" marginheight=\"0\" scrolling=\"no\"><\/iframe><\/p>\n<ul>\n<li><strong>Patate douce<\/strong> : Riche en vitamines A et C, elle soutient le syst\u00e8me immunitaire.<\/li>\n<li><strong>Carotte<\/strong> : Source de b\u00eata-carot\u00e8ne, elle favorise la sant\u00e9 des yeux et de la peau.<\/li>\n<li><strong>Pomme de terre<\/strong> : Apporte des glucides complexes, id\u00e9aux pour l&rsquo;\u00e9nergie.<\/li>\n<\/ul>\n<p>Voici une recette qui combine ces ingr\u00e9dients de mani\u00e8re harmonieuse tout en pr\u00e9servant leurs bienfaits nutritionnels.<\/p>\n<h2>Recette de gratin de patate douce, carotte et pomme de terre<\/h2>\n<p>Voici un guide \u00e9tape par \u00e9tape pour r\u00e9aliser ce gratin r\u00e9confortant et savoureux.<\/p>\n<blockquote>\n<p>\u00ab La cuisine est un art, mais elle est aussi une science. \u00bb<\/p>\n<blockquote class=\"wp-embedded-content\" data-secret=\"sAn2Lo9DY7\"><p><a href=\"https:\/\/piquin-restaurant.fr\/blog\/a-la-une\/comment-calculer-les-glucides-dans-une-recette-guide-pratique-et-conseils\/\">Comment calculer les glucides dans une recette : Guide pratique et conseils<\/a><\/p><\/blockquote>\n<p><iframe loading=\"lazy\" class=\"wp-embedded-content\" sandbox=\"allow-scripts\" security=\"restricted\" style=\"position: absolute; visibility: hidden;\" title=\"\u00ab\u00a0Comment calculer les glucides dans une recette : Guide pratique et conseils\u00a0\u00bb &#8212; piquin-restaurant\" src=\"https:\/\/piquin-restaurant.fr\/blog\/a-la-une\/comment-calculer-les-glucides-dans-une-recette-guide-pratique-et-conseils\/embed\/#?secret=CdnCx47Sst#?secret=sAn2Lo9DY7\" data-secret=\"sAn2Lo9DY7\" width=\"600\" height=\"338\" frameborder=\"0\" marginwidth=\"0\" marginheight=\"0\" scrolling=\"no\"><\/iframe><\/p>\n<\/blockquote>\n<h3>Ingr\u00e9dients n\u00e9cessaires<\/h3>\n<table>\n<tr>\n<th>Ingr\u00e9dients<\/th>\n<th>Quantit\u00e9<\/th>\n<th>Remarques<\/th>\n<\/tr>\n<tr>\n<td>Patate douce<\/td>\n<td>500 g<\/td>\n<td>\u00c9pluch\u00e9e et tranch\u00e9e<\/td>\n<\/tr>\n<tr>\n<td>Carotte<\/td>\n<td>300 g<\/td>\n<td>\u00c9pluch\u00e9e et tranch\u00e9e<\/td>\n<\/tr>\n<tr>\n<td>Pomme de terre<\/td>\n<td>400 g<\/td>\n<td>\u00c9pluch\u00e9e et tranch\u00e9e<\/td>\n<\/tr>\n<\/table>\n<h3>\u00c9tapes de pr\u00e9paration<\/h3>\n<p>Suivez ces \u00e9tapes simples pour concocter votre gratin :<\/p>\n<ul>\n<li><strong>1. Pr\u00e9chauffez le four<\/strong> \u00e0 180\u00b0C.<\/li>\n<li><strong>2. Pr\u00e9parez les l\u00e9gumes<\/strong> : \u00c9pluchez et tranchez la patate douce, la carotte et la pomme de terre en rondelles fines.<\/li>\n<li><strong>3. Disposez les tranches<\/strong> dans un plat \u00e0 gratin en alternant les couches de l\u00e9gumes.<\/li>\n<li><strong>4. Pr\u00e9parez la sauce<\/strong> : Dans une casserole, m\u00e9langez de la cr\u00e8me fra\u00eeche, du lait, du sel et du poivre. Versez sur les l\u00e9gumes.<\/li>\n<li><strong>5. Enfournez<\/strong> pendant 45 minutes, jusqu&rsquo;\u00e0 ce que les l\u00e9gumes soient tendres et l\u00e9g\u00e8rement dor\u00e9s.<\/li>\n<\/ul>\n<h2>Variantes et astuces de pr\u00e9paration<\/h2>\n<p>Personnalisez cette recette \u00e0 votre go\u00fbt ! Vous pouvez ajouter des \u00e9pices comme le cumin ou la muscade pour rehausser le go\u00fbt. Incorporer du fromage r\u00e2p\u00e9 sur le dessus apportera une cro\u00fbte dor\u00e9e irr\u00e9sistible. Pensez \u00e9galement \u00e0 tester d&rsquo;autres l\u00e9gumes comme le panais ou le c\u00e9leri-rave pour varier les plaisirs.<\/p>\n<h2>FAQ :<\/h2>\n<blockquote>\n<ul>\n<li><strong>Peut-on pr\u00e9parer ce gratin \u00e0 l&rsquo;avance ?<\/strong>Oui, vous pouvez le pr\u00e9parer la veille et le r\u00e9chauffer au four avant de servir.<\/li>\n<li><strong>Quels accompagnements proposent-vous ?<\/strong>Ce gratin s&rsquo;accompagne parfaitement d&rsquo;une salade verte ou d&rsquo;un poisson grill\u00e9.<\/li>\n<li><strong>Peut-on utiliser des l\u00e9gumes surgel\u00e9s ?<\/strong>Oui, les l\u00e9gumes surgel\u00e9s peuvent \u00eatre utilis\u00e9s, mais r\u00e9duisez le temps de cuisson.<\/li>\n<li><strong>Cette recette est-elle adapt\u00e9e aux v\u00e9g\u00e9tariens ?<\/strong>Absolument, elle est enti\u00e8rement v\u00e9g\u00e9tarienne et d\u00e9licieuse.<\/li>\n<\/ul>\n<\/blockquote>\n<h2>Conclusion<\/h2>\n<p>Ce gratin de patate douce, carotte et pomme de terre constitue un plat savoureux, facile \u00e0 r\u00e9aliser et plein de bienfaits. En l&rsquo;incorporant dans votre alimentation, vous apportez \u00e0 votre corps des nutriments essentiels tout en vous r\u00e9galant. N&rsquo;h\u00e9sitez pas \u00e0 personnaliser cette recette selon vos envies et \u00e0 la partager avec vos proches. Bon app\u00e9tit !<\/p>\n","protected":false},"excerpt":{"rendered":"","protected":false},"author":34,"featured_media":9305,"comment_status":"open","ping_status":"open","sticky":false,"template":"","format":"standard","meta":{"_acf_changed":false,"manual_indexmenow":false,"indexmenow_id_project":0,"footnotes":""},"categories":[1],"tags":[5245,3192,2850,2667,2769,2748],"class_list":["post-8168","post","type-post","status-publish","format-standard","has-post-thumbnail","hentry","category-a-la-une","tag-carotte","tag-gratin","tag-patate-douce","tag-pomme-de-terre","tag-recette","tag-vegetarien","generate-columns","tablet-grid-50","mobile-grid-100","grid-parent","grid-25"],"acf":[],"yoast_head":"<!-- This site is optimized with the Yoast SEO Premium plugin v21.3 (Yoast SEO v26.5) - https:\/\/yoast.com\/wordpress\/plugins\/seo\/ -->\n<title>Recette savoureuse : patate douce, carotte et pomme de terre<\/title>\n<meta name=\"description\" content=\"Introduction Ne cherchez plus ! La combinaison de la patate douce, de la carotte et de la pomme de terre offre une explosion de saveurs tout en \u00e9tant\" \/>\n<meta name=\"robots\" content=\"index, follow, max-snippet:-1, max-image-preview:large, max-video-preview:-1\" \/>\n<link rel=\"canonical\" href=\"https:\/\/piquin-restaurant.fr\/blog\/a-la-une\/recette-savoureuse-patate-douce-carotte-et-pomme-de-terre\/\" \/>\n<meta property=\"og:locale\" content=\"fr_FR\" \/>\n<meta property=\"og:type\" content=\"article\" \/>\n<meta property=\"og:title\" content=\"Recette savoureuse : patate douce, carotte et pomme de terre\" \/>\n<meta property=\"og:description\" content=\"Introduction Ne cherchez plus ! La combinaison de la patate douce, de la carotte et de la pomme de terre offre une explosion de saveurs tout en \u00e9tant\" \/>\n<meta property=\"og:url\" content=\"https:\/\/piquin-restaurant.fr\/blog\/a-la-une\/recette-savoureuse-patate-douce-carotte-et-pomme-de-terre\/\" \/>\n<meta property=\"og:site_name\" content=\"piquin-restaurant\" \/>\n<meta name=\"author\" content=\"Laura Gauthereau\" \/>\n<meta name=\"twitter:card\" content=\"summary_large_image\" \/>\n<script type=\"application\/ld+json\" class=\"yoast-schema-graph\">{\"@context\":\"https:\/\/schema.org\",\"@graph\":[{\"@type\":\"NewsArticle\",\"@id\":\"https:\/\/piquin-restaurant.fr\/blog\/a-la-une\/recette-savoureuse-patate-douce-carotte-et-pomme-de-terre\/#article\",\"isPartOf\":{\"@id\":\"https:\/\/piquin-restaurant.fr\/blog\/a-la-une\/recette-savoureuse-patate-douce-carotte-et-pomme-de-terre\/\"},\"author\":{\"name\":\"Laura Gauthereau\",\"@id\":\"https:\/\/piquin-restaurant.fr\/blog\/#\/schema\/person\/3c864cdc320801e3db34b663e7e3f816\"},\"headline\":\"Recette savoureuse : patate douce, carotte et pomme de terre\",\"datePublished\":\"2025-02-26T17:55:00+00:00\",\"mainEntityOfPage\":{\"@id\":\"https:\/\/piquin-restaurant.fr\/blog\/a-la-une\/recette-savoureuse-patate-douce-carotte-et-pomme-de-terre\/\"},\"wordCount\":538,\"commentCount\":20,\"publisher\":{\"@id\":\"https:\/\/piquin-restaurant.fr\/blog\/#organization\"},\"image\":{\"@id\":\"https:\/\/piquin-restaurant.fr\/blog\/a-la-une\/recette-savoureuse-patate-douce-carotte-et-pomme-de-terre\/#primaryimage\"},\"thumbnailUrl\":\"https:\/\/piquin-restaurant.fr\/blog\/wp-content\/uploads\/2025\/02\/sdxl-634ef5dd7d2c38e3ffe1fa38a50f502e.png\",\"keywords\":[\"Carotte\",\"Gratin\",\"Patate Douce\",\"Pomme de Terre\",\"Recette\",\"V\u00e9g\u00e9tarien\"],\"articleSection\":[\"\u00c0 la une\"],\"inLanguage\":\"fr-FR\",\"potentialAction\":[{\"@type\":\"CommentAction\",\"name\":\"Comment\",\"target\":[\"https:\/\/piquin-restaurant.fr\/blog\/a-la-une\/recette-savoureuse-patate-douce-carotte-et-pomme-de-terre\/#respond\"]}]},{\"@type\":\"WebPage\",\"@id\":\"https:\/\/piquin-restaurant.fr\/blog\/a-la-une\/recette-savoureuse-patate-douce-carotte-et-pomme-de-terre\/\",\"url\":\"https:\/\/piquin-restaurant.fr\/blog\/a-la-une\/recette-savoureuse-patate-douce-carotte-et-pomme-de-terre\/\",\"name\":\"Recette savoureuse : patate douce, carotte et pomme de terre\",\"isPartOf\":{\"@id\":\"https:\/\/piquin-restaurant.fr\/blog\/#website\"},\"primaryImageOfPage\":{\"@id\":\"https:\/\/piquin-restaurant.fr\/blog\/a-la-une\/recette-savoureuse-patate-douce-carotte-et-pomme-de-terre\/#primaryimage\"},\"image\":{\"@id\":\"https:\/\/piquin-restaurant.fr\/blog\/a-la-une\/recette-savoureuse-patate-douce-carotte-et-pomme-de-terre\/#primaryimage\"},\"thumbnailUrl\":\"https:\/\/piquin-restaurant.fr\/blog\/wp-content\/uploads\/2025\/02\/sdxl-634ef5dd7d2c38e3ffe1fa38a50f502e.png\",\"datePublished\":\"2025-02-26T17:55:00+00:00\",\"description\":\"Introduction Ne cherchez plus ! La combinaison de la patate douce, de la carotte et de la pomme de terre offre une explosion de saveurs tout en \u00e9tant\",\"inLanguage\":\"fr-FR\",\"potentialAction\":[{\"@type\":\"ReadAction\",\"target\":[\"https:\/\/piquin-restaurant.fr\/blog\/a-la-une\/recette-savoureuse-patate-douce-carotte-et-pomme-de-terre\/\"]}]},{\"@type\":\"ImageObject\",\"inLanguage\":\"fr-FR\",\"@id\":\"https:\/\/piquin-restaurant.fr\/blog\/a-la-une\/recette-savoureuse-patate-douce-carotte-et-pomme-de-terre\/#primaryimage\",\"url\":\"https:\/\/piquin-restaurant.fr\/blog\/wp-content\/uploads\/2025\/02\/sdxl-634ef5dd7d2c38e3ffe1fa38a50f502e.png\",\"contentUrl\":\"https:\/\/piquin-restaurant.fr\/blog\/wp-content\/uploads\/2025\/02\/sdxl-634ef5dd7d2c38e3ffe1fa38a50f502e.png\",\"width\":1536,\"height\":640},{\"@type\":\"WebSite\",\"@id\":\"https:\/\/piquin-restaurant.fr\/blog\/#website\",\"url\":\"https:\/\/piquin-restaurant.fr\/blog\/\",\"name\":\"Piquin Magazine\",\"description\":\"Votre destination gourmande.\",\"publisher\":{\"@id\":\"https:\/\/piquin-restaurant.fr\/blog\/#organization\"},\"alternateName\":\"Votre destination gourmande.\",\"potentialAction\":[{\"@type\":\"SearchAction\",\"target\":{\"@type\":\"EntryPoint\",\"urlTemplate\":\"https:\/\/piquin-restaurant.fr\/blog\/?s={search_term_string}\"},\"query-input\":{\"@type\":\"PropertyValueSpecification\",\"valueRequired\":true,\"valueName\":\"search_term_string\"}}],\"inLanguage\":\"fr-FR\"},{\"@type\":\"Organization\",\"@id\":\"https:\/\/piquin-restaurant.fr\/blog\/#organization\",\"name\":\"Piquin Magazine\",\"alternateName\":\"Piquin\",\"url\":\"https:\/\/piquin-restaurant.fr\/blog\/\",\"logo\":{\"@type\":\"ImageObject\",\"inLanguage\":\"fr-FR\",\"@id\":\"https:\/\/piquin-restaurant.fr\/blog\/#\/schema\/logo\/image\/\",\"url\":\"https:\/\/piquin-restaurant.fr\/blog\/wp-content\/uploads\/2026\/07\/logo-auto.png\",\"contentUrl\":\"https:\/\/piquin-restaurant.fr\/blog\/wp-content\/uploads\/2026\/07\/logo-auto.png\",\"width\":1024,\"height\":1024,\"caption\":\"Piquin Magazine\"},\"image\":{\"@id\":\"https:\/\/piquin-restaurant.fr\/blog\/#\/schema\/logo\/image\/\"}},{\"@type\":\"Person\",\"@id\":\"https:\/\/piquin-restaurant.fr\/blog\/#\/schema\/person\/3c864cdc320801e3db34b663e7e3f816\",\"name\":\"Laura Gauthereau\",\"image\":{\"@type\":\"ImageObject\",\"inLanguage\":\"fr-FR\",\"@id\":\"https:\/\/piquin-restaurant.fr\/blog\/#\/schema\/person\/image\/\",\"url\":\"https:\/\/piquin-restaurant.fr\/blog\/wp-content\/uploads\/2026\/06\/persona_laura-g-96x96.jpg\",\"contentUrl\":\"https:\/\/piquin-restaurant.fr\/blog\/wp-content\/uploads\/2026\/06\/persona_laura-g-96x96.jpg\",\"caption\":\"Laura Gauthereau\"},\"description\":\"La cuisine est ma passion devenue m\u00e9tier : je r\u00e9dige sur la gastronomie, les recettes et l'art de bien manger depuis une dizaine d'ann\u00e9es. J'explore aussi bien la cuisine du quotidien que des univers plus pointus \u2014 le barbecue ma\u00eetris\u00e9, les saveurs de rue revisit\u00e9es, la p\u00e2tisserie ou la d\u00e9couverte des bonnes tables. J'aime expliquer le pourquoi d'une technique autant que le comment : pourquoi saisir, pourquoi laisser reposer, pourquoi cette association de go\u00fbts fonctionne. Avant de publier une recette, je la teste, j'ajuste les quantit\u00e9s et les temps de cuisson, et je propose des alternatives selon les r\u00e9gimes et les budgets. Je me m\u00e9fie des tendances qui ne tiennent pas en bouche. Mon angle : donner envie de cuisiner en rendant les choses accessibles, du d\u00e9butant intimid\u00e9 au gourmand qui veut progresser. Le plaisir reste mon premier crit\u00e8re, devant la performance.\",\"sameAs\":[\"https:\/\/lauragauthereau.fr\/\"],\"url\":\"https:\/\/piquin-restaurant.fr\/blog\/auteur\/noname\/\"}]}<\/script>\n<!-- \/ Yoast SEO Premium plugin. -->","yoast_head_json":{"title":"Recette savoureuse : patate douce, carotte et pomme de terre","description":"Introduction Ne cherchez plus ! La combinaison de la patate douce, de la carotte et de la pomme de terre offre une explosion de saveurs tout en \u00e9tant","robots":{"index":"index","follow":"follow","max-snippet":"max-snippet:-1","max-image-preview":"max-image-preview:large","max-video-preview":"max-video-preview:-1"},"canonical":"https:\/\/piquin-restaurant.fr\/blog\/a-la-une\/recette-savoureuse-patate-douce-carotte-et-pomme-de-terre\/","og_locale":"fr_FR","og_type":"article","og_title":"Recette savoureuse : patate douce, carotte et pomme de terre","og_description":"Introduction Ne cherchez plus ! La combinaison de la patate douce, de la carotte et de la pomme de terre offre une explosion de saveurs tout en \u00e9tant","og_url":"https:\/\/piquin-restaurant.fr\/blog\/a-la-une\/recette-savoureuse-patate-douce-carotte-et-pomme-de-terre\/","og_site_name":"piquin-restaurant","author":"Laura Gauthereau","twitter_card":"summary_large_image","schema":{"@context":"https:\/\/schema.org","@graph":[{"@type":"NewsArticle","@id":"https:\/\/piquin-restaurant.fr\/blog\/a-la-une\/recette-savoureuse-patate-douce-carotte-et-pomme-de-terre\/#article","isPartOf":{"@id":"https:\/\/piquin-restaurant.fr\/blog\/a-la-une\/recette-savoureuse-patate-douce-carotte-et-pomme-de-terre\/"},"author":{"name":"Laura Gauthereau","@id":"https:\/\/piquin-restaurant.fr\/blog\/#\/schema\/person\/3c864cdc320801e3db34b663e7e3f816"},"headline":"Recette savoureuse : patate douce, carotte et pomme de terre","datePublished":"2025-02-26T17:55:00+00:00","mainEntityOfPage":{"@id":"https:\/\/piquin-restaurant.fr\/blog\/a-la-une\/recette-savoureuse-patate-douce-carotte-et-pomme-de-terre\/"},"wordCount":538,"commentCount":20,"publisher":{"@id":"https:\/\/piquin-restaurant.fr\/blog\/#organization"},"image":{"@id":"https:\/\/piquin-restaurant.fr\/blog\/a-la-une\/recette-savoureuse-patate-douce-carotte-et-pomme-de-terre\/#primaryimage"},"thumbnailUrl":"https:\/\/piquin-restaurant.fr\/blog\/wp-content\/uploads\/2025\/02\/sdxl-634ef5dd7d2c38e3ffe1fa38a50f502e.png","keywords":["Carotte","Gratin","Patate Douce","Pomme de Terre","Recette","V\u00e9g\u00e9tarien"],"articleSection":["\u00c0 la une"],"inLanguage":"fr-FR","potentialAction":[{"@type":"CommentAction","name":"Comment","target":["https:\/\/piquin-restaurant.fr\/blog\/a-la-une\/recette-savoureuse-patate-douce-carotte-et-pomme-de-terre\/#respond"]}]},{"@type":"WebPage","@id":"https:\/\/piquin-restaurant.fr\/blog\/a-la-une\/recette-savoureuse-patate-douce-carotte-et-pomme-de-terre\/","url":"https:\/\/piquin-restaurant.fr\/blog\/a-la-une\/recette-savoureuse-patate-douce-carotte-et-pomme-de-terre\/","name":"Recette savoureuse : patate douce, carotte et pomme de terre","isPartOf":{"@id":"https:\/\/piquin-restaurant.fr\/blog\/#website"},"primaryImageOfPage":{"@id":"https:\/\/piquin-restaurant.fr\/blog\/a-la-une\/recette-savoureuse-patate-douce-carotte-et-pomme-de-terre\/#primaryimage"},"image":{"@id":"https:\/\/piquin-restaurant.fr\/blog\/a-la-une\/recette-savoureuse-patate-douce-carotte-et-pomme-de-terre\/#primaryimage"},"thumbnailUrl":"https:\/\/piquin-restaurant.fr\/blog\/wp-content\/uploads\/2025\/02\/sdxl-634ef5dd7d2c38e3ffe1fa38a50f502e.png","datePublished":"2025-02-26T17:55:00+00:00","description":"Introduction Ne cherchez plus ! La combinaison de la patate douce, de la carotte et de la pomme de terre offre une explosion de saveurs tout en \u00e9tant","inLanguage":"fr-FR","potentialAction":[{"@type":"ReadAction","target":["https:\/\/piquin-restaurant.fr\/blog\/a-la-une\/recette-savoureuse-patate-douce-carotte-et-pomme-de-terre\/"]}]},{"@type":"ImageObject","inLanguage":"fr-FR","@id":"https:\/\/piquin-restaurant.fr\/blog\/a-la-une\/recette-savoureuse-patate-douce-carotte-et-pomme-de-terre\/#primaryimage","url":"https:\/\/piquin-restaurant.fr\/blog\/wp-content\/uploads\/2025\/02\/sdxl-634ef5dd7d2c38e3ffe1fa38a50f502e.png","contentUrl":"https:\/\/piquin-restaurant.fr\/blog\/wp-content\/uploads\/2025\/02\/sdxl-634ef5dd7d2c38e3ffe1fa38a50f502e.png","width":1536,"height":640},{"@type":"WebSite","@id":"https:\/\/piquin-restaurant.fr\/blog\/#website","url":"https:\/\/piquin-restaurant.fr\/blog\/","name":"Piquin Magazine","description":"Votre destination gourmande.","publisher":{"@id":"https:\/\/piquin-restaurant.fr\/blog\/#organization"},"alternateName":"Votre destination gourmande.","potentialAction":[{"@type":"SearchAction","target":{"@type":"EntryPoint","urlTemplate":"https:\/\/piquin-restaurant.fr\/blog\/?s={search_term_string}"},"query-input":{"@type":"PropertyValueSpecification","valueRequired":true,"valueName":"search_term_string"}}],"inLanguage":"fr-FR"},{"@type":"Organization","@id":"https:\/\/piquin-restaurant.fr\/blog\/#organization","name":"Piquin Magazine","alternateName":"Piquin","url":"https:\/\/piquin-restaurant.fr\/blog\/","logo":{"@type":"ImageObject","inLanguage":"fr-FR","@id":"https:\/\/piquin-restaurant.fr\/blog\/#\/schema\/logo\/image\/","url":"https:\/\/piquin-restaurant.fr\/blog\/wp-content\/uploads\/2026\/07\/logo-auto.png","contentUrl":"https:\/\/piquin-restaurant.fr\/blog\/wp-content\/uploads\/2026\/07\/logo-auto.png","width":1024,"height":1024,"caption":"Piquin Magazine"},"image":{"@id":"https:\/\/piquin-restaurant.fr\/blog\/#\/schema\/logo\/image\/"}},{"@type":"Person","@id":"https:\/\/piquin-restaurant.fr\/blog\/#\/schema\/person\/3c864cdc320801e3db34b663e7e3f816","name":"Laura Gauthereau","image":{"@type":"ImageObject","inLanguage":"fr-FR","@id":"https:\/\/piquin-restaurant.fr\/blog\/#\/schema\/person\/image\/","url":"https:\/\/piquin-restaurant.fr\/blog\/wp-content\/uploads\/2026\/06\/persona_laura-g-96x96.jpg","contentUrl":"https:\/\/piquin-restaurant.fr\/blog\/wp-content\/uploads\/2026\/06\/persona_laura-g-96x96.jpg","caption":"Laura Gauthereau"},"description":"La cuisine est ma passion devenue m\u00e9tier : je r\u00e9dige sur la gastronomie, les recettes et l'art de bien manger depuis une dizaine d'ann\u00e9es. J'explore aussi bien la cuisine du quotidien que des univers plus pointus \u2014 le barbecue ma\u00eetris\u00e9, les saveurs de rue revisit\u00e9es, la p\u00e2tisserie ou la d\u00e9couverte des bonnes tables. J'aime expliquer le pourquoi d'une technique autant que le comment : pourquoi saisir, pourquoi laisser reposer, pourquoi cette association de go\u00fbts fonctionne. Avant de publier une recette, je la teste, j'ajuste les quantit\u00e9s et les temps de cuisson, et je propose des alternatives selon les r\u00e9gimes et les budgets. Je me m\u00e9fie des tendances qui ne tiennent pas en bouche. Mon angle : donner envie de cuisiner en rendant les choses accessibles, du d\u00e9butant intimid\u00e9 au gourmand qui veut progresser. Le plaisir reste mon premier crit\u00e8re, devant la performance.","sameAs":["https:\/\/lauragauthereau.fr\/"],"url":"https:\/\/piquin-restaurant.fr\/blog\/auteur\/noname\/"}]}},"_links":{"self":[{"href":"https:\/\/piquin-restaurant.fr\/blog\/wp-json\/wp\/v2\/posts\/8168","targetHints":{"allow":["GET"]}}],"collection":[{"href":"https:\/\/piquin-restaurant.fr\/blog\/wp-json\/wp\/v2\/posts"}],"about":[{"href":"https:\/\/piquin-restaurant.fr\/blog\/wp-json\/wp\/v2\/types\/post"}],"author":[{"embeddable":true,"href":"https:\/\/piquin-restaurant.fr\/blog\/wp-json\/wp\/v2\/users\/34"}],"replies":[{"embeddable":true,"href":"https:\/\/piquin-restaurant.fr\/blog\/wp-json\/wp\/v2\/comments?post=8168"}],"version-history":[{"count":1,"href":"https:\/\/piquin-restaurant.fr\/blog\/wp-json\/wp\/v2\/posts\/8168\/revisions"}],"predecessor-version":[{"id":9304,"href":"https:\/\/piquin-restaurant.fr\/blog\/wp-json\/wp\/v2\/posts\/8168\/revisions\/9304"}],"wp:featuredmedia":[{"embeddable":true,"href":"https:\/\/piquin-restaurant.fr\/blog\/wp-json\/wp\/v2\/media\/9305"}],"wp:attachment":[{"href":"https:\/\/piquin-restaurant.fr\/blog\/wp-json\/wp\/v2\/media?parent=8168"}],"wp:term":[{"taxonomy":"category","embeddable":true,"href":"https:\/\/piquin-restaurant.fr\/blog\/wp-json\/wp\/v2\/categories?post=8168"},{"taxonomy":"post_tag","embeddable":true,"href":"https:\/\/piquin-restaurant.fr\/blog\/wp-json\/wp\/v2\/tags?post=8168"}],"curies":[{"name":"wp","href":"https:\/\/api.w.org\/{rel}","templated":true}]}}