{"id":8273,"date":"2025-03-07T15:55:00","date_gmt":"2025-03-07T14:55:00","guid":{"rendered":"https:\/\/piquin-restaurant.fr\/blog\/?p=8273"},"modified":"2025-02-10T16:35:09","modified_gmt":"2025-02-10T15:35:09","slug":"recette-de-la-piece-montee-reunionnaise-un-delice-festif-a-decouvrir","status":"publish","type":"post","link":"https:\/\/piquin-restaurant.fr\/blog\/a-la-une\/recette-de-la-piece-montee-reunionnaise-un-delice-festif-a-decouvrir\/","title":{"rendered":"Recette de la pi\u00e8ce mont\u00e9e r\u00e9unionnaise : un d\u00e9lice festif \u00e0 d\u00e9couvrir"},"content":{"rendered":"<h2>La pi\u00e8ce mont\u00e9e : une tradition r\u00e9unionnaise<\/h2>\n<p>Ce dessert spectaculaire, compos\u00e9 de choux garnis de cr\u00e8me, est un r\u00e9gal pour les yeux et les papilles. Son histoire remonte \u00e0 plusieurs g\u00e9n\u00e9rations, et chaque famille a sa propre recette, cr\u00e9ant ainsi une multitude de variations qui t\u00e9moignent de la cr\u00e9ativit\u00e9 culinaire des R\u00e9unionnais.<\/p>\n<h2>Ingr\u00e9dients essentiels pour r\u00e9ussir votre pi\u00e8ce mont\u00e9e<\/h2>\n<p>Pour confectionner une pi\u00e8ce mont\u00e9e \u00e0 la r\u00e9unionnaise, il est crucial de choisir des ingr\u00e9dients de qualit\u00e9. Voici une liste des \u00e9l\u00e9ments indispensables :<\/p>\n<blockquote class=\"wp-embedded-content\" data-secret=\"1NjRPYFz1m\"><p><a href=\"https:\/\/piquin-restaurant.fr\/blog\/a-la-une\/decouvrez-la-recette-du-geant-vert-un-delice-a-partager\/\">D\u00e9couvrez la recette du g\u00e9ant vert : un d\u00e9lice \u00e0 partager<\/a><\/p><\/blockquote>\n<p><iframe loading=\"lazy\" class=\"wp-embedded-content\" sandbox=\"allow-scripts\" security=\"restricted\" style=\"position: absolute; visibility: hidden;\" title=\"\u00ab\u00a0D\u00e9couvrez la recette du g\u00e9ant vert : un d\u00e9lice \u00e0 partager\u00a0\u00bb &#8212; piquin-restaurant\" src=\"https:\/\/piquin-restaurant.fr\/blog\/a-la-une\/decouvrez-la-recette-du-geant-vert-un-delice-a-partager\/embed\/#?secret=Edk3hZXugh#?secret=1NjRPYFz1m\" data-secret=\"1NjRPYFz1m\" width=\"600\" height=\"338\" frameborder=\"0\" marginwidth=\"0\" marginheight=\"0\" scrolling=\"no\"><\/iframe><\/p>\n<ul>\n<li><strong>Choux :<\/strong> farine, \u0153ufs, eau, beurre.<\/li>\n<li><strong>Cr\u00e8me p\u00e2tissi\u00e8re :<\/strong> lait, sucre, jaunes d&rsquo;\u0153ufs, ma\u00efzena, vanille.<\/li>\n<li><strong>Glace royale :<\/strong> sucre glace, blanc d&rsquo;\u0153uf, citron.<\/li>\n<\/ul>\n<p>La qualit\u00e9 des ingr\u00e9dients influence directement le go\u00fbt et la texture de votre pi\u00e8ce mont\u00e9e. N&rsquo;h\u00e9sitez pas \u00e0 utiliser des produits locaux pour une exp\u00e9rience encore plus authentique.<\/p>\n<h2>\u00c9tapes de pr\u00e9paration de la pi\u00e8ce mont\u00e9e r\u00e9unionnaise<\/h2>\n<p>La r\u00e9alisation d&rsquo;une pi\u00e8ce mont\u00e9e peut sembler complexe, mais en suivant ces \u00e9tapes, vous obtiendrez un r\u00e9sultat \u00e9blouissant :<\/p>\n<blockquote class=\"wp-embedded-content\" data-secret=\"7WXC7aQQ82\"><p><a href=\"https:\/\/piquin-restaurant.fr\/blog\/a-la-une\/comment-calculer-les-glucides-dans-une-recette-guide-pratique-et-conseils\/\">Comment calculer les glucides dans une recette : Guide pratique et conseils<\/a><\/p><\/blockquote>\n<p><iframe loading=\"lazy\" class=\"wp-embedded-content\" sandbox=\"allow-scripts\" security=\"restricted\" style=\"position: absolute; visibility: hidden;\" title=\"\u00ab\u00a0Comment calculer les glucides dans une recette : Guide pratique et conseils\u00a0\u00bb &#8212; piquin-restaurant\" src=\"https:\/\/piquin-restaurant.fr\/blog\/a-la-une\/comment-calculer-les-glucides-dans-une-recette-guide-pratique-et-conseils\/embed\/#?secret=kfMVI8CX6k#?secret=7WXC7aQQ82\" data-secret=\"7WXC7aQQ82\" width=\"600\" height=\"338\" frameborder=\"0\" marginwidth=\"0\" marginheight=\"0\" scrolling=\"no\"><\/iframe><\/p>\n<li><strong>Pr\u00e9parer la p\u00e2te \u00e0 choux :<\/strong> M\u00e9langez l&rsquo;eau, le beurre et le sel dans une casserole. Portez \u00e0 \u00e9bullition, ajoutez la farine d&rsquo;un coup et m\u00e9langez jusqu&rsquo;\u00e0 obtenir une p\u00e2te homog\u00e8ne. Hors du feu, incorporez les \u0153ufs un par un.<\/li>\n<li><strong>Cuire les choux :<\/strong> Formez des petits tas de p\u00e2te sur une plaque de cuisson et enfournez \u00e0 180\u00b0C pendant environ 25 minutes. Laissez refroidir.<\/li>\n<li><strong>R\u00e9aliser la cr\u00e8me p\u00e2tissi\u00e8re :<\/strong> Faites chauffer le lait avec la vanille. Dans un bol, fouettez les jaunes d&rsquo;\u0153ufs avec le sucre et la ma\u00efzena, puis incorporez le lait chaud. Faites \u00e9paissir sur feu doux.<\/li>\n<li><strong>Garnir les choux :<\/strong> Une fois les choux refroidis, percez un trou et remplissez-les de cr\u00e8me p\u00e2tissi\u00e8re \u00e0 l&rsquo;aide d&rsquo;une poche \u00e0 douille.<\/li>\n<li><strong>Monter la pi\u00e8ce :<\/strong> Disposez les choux sur un support en forme de c\u00f4ne, en les collant avec de la glace royale.<\/li>\n<p>V\u00e9rifiez la stabilit\u00e9 de l\u2019ensemble avant de d\u00e9corer selon vos envies, avec des fruits frais ou des fleurs comestibles.<\/p>\n<h2>Conseils pour r\u00e9ussir votre pi\u00e8ce mont\u00e9e<\/h2>\n<p>Voici quelques astuces pour garantir le succ\u00e8s de votre pi\u00e8ce mont\u00e9e :<\/p>\n<ul>\n<li>Assurez-vous que les choux sont bien cuits pour \u00e9viter qu&rsquo;ils ne s&rsquo;affaissent.<\/li>\n<li>Utilisez de la cr\u00e8me p\u00e2tissi\u00e8re bien froide pour faciliter la garniture.<\/li>\n<li>Ne n\u00e9gligez pas la d\u00e9coration, elle rendra votre pi\u00e8ce encore plus attrayante.<\/li>\n<\/ul>\n<blockquote><p>\n  \u00ab\u00a0La pi\u00e8ce mont\u00e9e est bien plus qu&rsquo;un dessert, c&rsquo;est une \u0153uvre d&rsquo;art culinaire qui rassemble et \u00e9veille les sens.\u00a0\u00bb\n<\/p><\/blockquote>\n<h2>FAQ :<\/h2>\n<blockquote>\n<ul>\n<li><strong>Quelle est la diff\u00e9rence entre la pi\u00e8ce mont\u00e9e r\u00e9unionnaise et la pi\u00e8ce mont\u00e9e traditionnelle ?<\/strong>La pi\u00e8ce mont\u00e9e r\u00e9unionnaise utilise souvent des ingr\u00e9dients locaux et des saveurs sp\u00e9cifiques \u00e0 l&rsquo;\u00eele.<\/li>\n<li><strong>Combien de temps peut-on conserver une pi\u00e8ce mont\u00e9e ?<\/strong>Il est conseill\u00e9 de la consommer le jour m\u00eame, mais elle peut se conserver au r\u00e9frig\u00e9rateur pendant 1 \u00e0 2 jours.<\/li>\n<li><strong>Peut-on adapter la recette pour les allergies alimentaires ?<\/strong>Oui, vous pouvez remplacer certains ingr\u00e9dients par des alternatives sans gluten ou sans lactose.<\/li>\n<li><strong>Quelle est la meilleure occasion pour r\u00e9aliser une pi\u00e8ce mont\u00e9e ?<\/strong>Les mariages, anniversaires et f\u00eates de famille sont id\u00e9aux pour pr\u00e9senter ce dessert.<\/li>\n<\/ul>\n<\/blockquote>\n<h2>Conclusion<\/h2>\n<p>La pi\u00e8ce mont\u00e9e r\u00e9unionnaise incarne la joie et la convivialit\u00e9 des f\u00eates. R\u00e9aliser cette recette demande un peu de patience, mais le r\u00e9sultat en vaut largement la peine. En suivant ces \u00e9tapes et conseils, vous pourrez \u00e9merveiller vos invit\u00e9s avec un dessert \u00e0 la fois d\u00e9licieux et impressionnant. N&rsquo;h\u00e9sitez pas \u00e0 personnaliser votre pi\u00e8ce mont\u00e9e selon vos go\u00fbts et ceux de vos proches. Bon app\u00e9tit !<\/p>\n","protected":false},"excerpt":{"rendered":"","protected":false},"author":34,"featured_media":9899,"comment_status":"open","ping_status":"open","sticky":false,"template":"","format":"standard","meta":{"_acf_changed":false,"manual_indexmenow":false,"indexmenow_id_project":0,"footnotes":""},"categories":[1],"tags":[5404,3421,5405,4563,5403,5406],"class_list":["post-8273","post","type-post","status-publish","format-standard","has-post-thumbnail","hentry","category-a-la-une","tag-choux","tag-creme-patissiere","tag-glace-royale","tag-ingredients-locaux","tag-piece-montee","tag-recette-reunionnaise","generate-columns","tablet-grid-50","mobile-grid-100","grid-parent","grid-25"],"acf":[],"yoast_head":"<!-- This site is optimized with the Yoast SEO Premium plugin v21.3 (Yoast SEO v26.5) - https:\/\/yoast.com\/wordpress\/plugins\/seo\/ -->\n<title>Recette de la pi\u00e8ce mont\u00e9e r\u00e9unionnaise : un d\u00e9lice festif \u00e0 d\u00e9couvrir<\/title>\n<meta name=\"description\" content=\"La pi\u00e8ce mont\u00e9e : une tradition r\u00e9unionnaise Ce dessert spectaculaire, compos\u00e9 de choux garnis de cr\u00e8me, est un r\u00e9gal pour les yeux et les papilles. Son\" \/>\n<meta name=\"robots\" content=\"index, follow, max-snippet:-1, max-image-preview:large, max-video-preview:-1\" \/>\n<link rel=\"canonical\" href=\"https:\/\/piquin-restaurant.fr\/blog\/a-la-une\/recette-de-la-piece-montee-reunionnaise-un-delice-festif-a-decouvrir\/\" \/>\n<meta property=\"og:locale\" content=\"fr_FR\" \/>\n<meta property=\"og:type\" content=\"article\" \/>\n<meta property=\"og:title\" content=\"Recette de la pi\u00e8ce mont\u00e9e r\u00e9unionnaise : un d\u00e9lice festif \u00e0 d\u00e9couvrir\" \/>\n<meta property=\"og:description\" content=\"La pi\u00e8ce mont\u00e9e : une tradition r\u00e9unionnaise Ce dessert spectaculaire, compos\u00e9 de choux garnis de cr\u00e8me, est un r\u00e9gal pour les yeux et les papilles. Son\" \/>\n<meta property=\"og:url\" content=\"https:\/\/piquin-restaurant.fr\/blog\/a-la-une\/recette-de-la-piece-montee-reunionnaise-un-delice-festif-a-decouvrir\/\" \/>\n<meta property=\"og:site_name\" content=\"piquin-restaurant\" \/>\n<meta name=\"author\" content=\"Laura Gauthereau\" \/>\n<meta name=\"twitter:card\" content=\"summary_large_image\" \/>\n<script type=\"application\/ld+json\" class=\"yoast-schema-graph\">{\"@context\":\"https:\/\/schema.org\",\"@graph\":[{\"@type\":\"NewsArticle\",\"@id\":\"https:\/\/piquin-restaurant.fr\/blog\/a-la-une\/recette-de-la-piece-montee-reunionnaise-un-delice-festif-a-decouvrir\/#article\",\"isPartOf\":{\"@id\":\"https:\/\/piquin-restaurant.fr\/blog\/a-la-une\/recette-de-la-piece-montee-reunionnaise-un-delice-festif-a-decouvrir\/\"},\"author\":{\"name\":\"Laura Gauthereau\",\"@id\":\"https:\/\/piquin-restaurant.fr\/blog\/#\/schema\/person\/3c864cdc320801e3db34b663e7e3f816\"},\"headline\":\"Recette de la pi\u00e8ce mont\u00e9e r\u00e9unionnaise : un d\u00e9lice festif \u00e0 d\u00e9couvrir\",\"datePublished\":\"2025-03-07T14:55:00+00:00\",\"mainEntityOfPage\":{\"@id\":\"https:\/\/piquin-restaurant.fr\/blog\/a-la-une\/recette-de-la-piece-montee-reunionnaise-un-delice-festif-a-decouvrir\/\"},\"wordCount\":691,\"commentCount\":30,\"publisher\":{\"@id\":\"https:\/\/piquin-restaurant.fr\/blog\/#organization\"},\"image\":{\"@id\":\"https:\/\/piquin-restaurant.fr\/blog\/a-la-une\/recette-de-la-piece-montee-reunionnaise-un-delice-festif-a-decouvrir\/#primaryimage\"},\"thumbnailUrl\":\"https:\/\/piquin-restaurant.fr\/blog\/wp-content\/uploads\/2025\/04\/sdxl-15644ff709f38f2c279985745821483b.png\",\"keywords\":[\"Choux\",\"Cr\u00e8me P\u00e2tissi\u00e8re\",\"Glace Royale\",\"Ingr\u00e9dients Locaux\",\"Pi\u00e8ce Mont\u00e9e\",\"Recette R\u00e9unionnaise\"],\"articleSection\":[\"\u00c0 la une\"],\"inLanguage\":\"fr-FR\",\"potentialAction\":[{\"@type\":\"CommentAction\",\"name\":\"Comment\",\"target\":[\"https:\/\/piquin-restaurant.fr\/blog\/a-la-une\/recette-de-la-piece-montee-reunionnaise-un-delice-festif-a-decouvrir\/#respond\"]}]},{\"@type\":\"WebPage\",\"@id\":\"https:\/\/piquin-restaurant.fr\/blog\/a-la-une\/recette-de-la-piece-montee-reunionnaise-un-delice-festif-a-decouvrir\/\",\"url\":\"https:\/\/piquin-restaurant.fr\/blog\/a-la-une\/recette-de-la-piece-montee-reunionnaise-un-delice-festif-a-decouvrir\/\",\"name\":\"Recette de la pi\u00e8ce mont\u00e9e r\u00e9unionnaise : un d\u00e9lice festif \u00e0 d\u00e9couvrir\",\"isPartOf\":{\"@id\":\"https:\/\/piquin-restaurant.fr\/blog\/#website\"},\"primaryImageOfPage\":{\"@id\":\"https:\/\/piquin-restaurant.fr\/blog\/a-la-une\/recette-de-la-piece-montee-reunionnaise-un-delice-festif-a-decouvrir\/#primaryimage\"},\"image\":{\"@id\":\"https:\/\/piquin-restaurant.fr\/blog\/a-la-une\/recette-de-la-piece-montee-reunionnaise-un-delice-festif-a-decouvrir\/#primaryimage\"},\"thumbnailUrl\":\"https:\/\/piquin-restaurant.fr\/blog\/wp-content\/uploads\/2025\/04\/sdxl-15644ff709f38f2c279985745821483b.png\",\"datePublished\":\"2025-03-07T14:55:00+00:00\",\"description\":\"La pi\u00e8ce mont\u00e9e : une tradition r\u00e9unionnaise Ce dessert spectaculaire, compos\u00e9 de choux garnis de cr\u00e8me, est un r\u00e9gal pour les yeux et les papilles. Son\",\"inLanguage\":\"fr-FR\",\"potentialAction\":[{\"@type\":\"ReadAction\",\"target\":[\"https:\/\/piquin-restaurant.fr\/blog\/a-la-une\/recette-de-la-piece-montee-reunionnaise-un-delice-festif-a-decouvrir\/\"]}]},{\"@type\":\"ImageObject\",\"inLanguage\":\"fr-FR\",\"@id\":\"https:\/\/piquin-restaurant.fr\/blog\/a-la-une\/recette-de-la-piece-montee-reunionnaise-un-delice-festif-a-decouvrir\/#primaryimage\",\"url\":\"https:\/\/piquin-restaurant.fr\/blog\/wp-content\/uploads\/2025\/04\/sdxl-15644ff709f38f2c279985745821483b.png\",\"contentUrl\":\"https:\/\/piquin-restaurant.fr\/blog\/wp-content\/uploads\/2025\/04\/sdxl-15644ff709f38f2c279985745821483b.png\",\"width\":1536,\"height\":640},{\"@type\":\"WebSite\",\"@id\":\"https:\/\/piquin-restaurant.fr\/blog\/#website\",\"url\":\"https:\/\/piquin-restaurant.fr\/blog\/\",\"name\":\"Piquin Magazine\",\"description\":\"Votre destination gourmande.\",\"publisher\":{\"@id\":\"https:\/\/piquin-restaurant.fr\/blog\/#organization\"},\"alternateName\":\"Votre destination gourmande.\",\"potentialAction\":[{\"@type\":\"SearchAction\",\"target\":{\"@type\":\"EntryPoint\",\"urlTemplate\":\"https:\/\/piquin-restaurant.fr\/blog\/?s={search_term_string}\"},\"query-input\":{\"@type\":\"PropertyValueSpecification\",\"valueRequired\":true,\"valueName\":\"search_term_string\"}}],\"inLanguage\":\"fr-FR\"},{\"@type\":\"Organization\",\"@id\":\"https:\/\/piquin-restaurant.fr\/blog\/#organization\",\"name\":\"Piquin Magazine\",\"alternateName\":\"Piquin\",\"url\":\"https:\/\/piquin-restaurant.fr\/blog\/\",\"logo\":{\"@type\":\"ImageObject\",\"inLanguage\":\"fr-FR\",\"@id\":\"https:\/\/piquin-restaurant.fr\/blog\/#\/schema\/logo\/image\/\",\"url\":\"https:\/\/piquin-restaurant.fr\/blog\/wp-content\/uploads\/2026\/07\/logo-auto.png\",\"contentUrl\":\"https:\/\/piquin-restaurant.fr\/blog\/wp-content\/uploads\/2026\/07\/logo-auto.png\",\"width\":1024,\"height\":1024,\"caption\":\"Piquin Magazine\"},\"image\":{\"@id\":\"https:\/\/piquin-restaurant.fr\/blog\/#\/schema\/logo\/image\/\"}},{\"@type\":\"Person\",\"@id\":\"https:\/\/piquin-restaurant.fr\/blog\/#\/schema\/person\/3c864cdc320801e3db34b663e7e3f816\",\"name\":\"Laura Gauthereau\",\"image\":{\"@type\":\"ImageObject\",\"inLanguage\":\"fr-FR\",\"@id\":\"https:\/\/piquin-restaurant.fr\/blog\/#\/schema\/person\/image\/\",\"url\":\"https:\/\/piquin-restaurant.fr\/blog\/wp-content\/uploads\/2026\/06\/persona_laura-g-96x96.jpg\",\"contentUrl\":\"https:\/\/piquin-restaurant.fr\/blog\/wp-content\/uploads\/2026\/06\/persona_laura-g-96x96.jpg\",\"caption\":\"Laura Gauthereau\"},\"description\":\"La cuisine est ma passion devenue m\u00e9tier : je r\u00e9dige sur la gastronomie, les recettes et l'art de bien manger depuis une dizaine d'ann\u00e9es. J'explore aussi bien la cuisine du quotidien que des univers plus pointus \u2014 le barbecue ma\u00eetris\u00e9, les saveurs de rue revisit\u00e9es, la p\u00e2tisserie ou la d\u00e9couverte des bonnes tables. J'aime expliquer le pourquoi d'une technique autant que le comment : pourquoi saisir, pourquoi laisser reposer, pourquoi cette association de go\u00fbts fonctionne. Avant de publier une recette, je la teste, j'ajuste les quantit\u00e9s et les temps de cuisson, et je propose des alternatives selon les r\u00e9gimes et les budgets. Je me m\u00e9fie des tendances qui ne tiennent pas en bouche. Mon angle : donner envie de cuisiner en rendant les choses accessibles, du d\u00e9butant intimid\u00e9 au gourmand qui veut progresser. Le plaisir reste mon premier crit\u00e8re, devant la performance.\",\"sameAs\":[\"https:\/\/lauragauthereau.fr\/\"],\"url\":\"https:\/\/piquin-restaurant.fr\/blog\/auteur\/noname\/\"}]}<\/script>\n<!-- \/ Yoast SEO Premium plugin. -->","yoast_head_json":{"title":"Recette de la pi\u00e8ce mont\u00e9e r\u00e9unionnaise : un d\u00e9lice festif \u00e0 d\u00e9couvrir","description":"La pi\u00e8ce mont\u00e9e : une tradition r\u00e9unionnaise Ce dessert spectaculaire, compos\u00e9 de choux garnis de cr\u00e8me, est un r\u00e9gal pour les yeux et les papilles. Son","robots":{"index":"index","follow":"follow","max-snippet":"max-snippet:-1","max-image-preview":"max-image-preview:large","max-video-preview":"max-video-preview:-1"},"canonical":"https:\/\/piquin-restaurant.fr\/blog\/a-la-une\/recette-de-la-piece-montee-reunionnaise-un-delice-festif-a-decouvrir\/","og_locale":"fr_FR","og_type":"article","og_title":"Recette de la pi\u00e8ce mont\u00e9e r\u00e9unionnaise : un d\u00e9lice festif \u00e0 d\u00e9couvrir","og_description":"La pi\u00e8ce mont\u00e9e : une tradition r\u00e9unionnaise Ce dessert spectaculaire, compos\u00e9 de choux garnis de cr\u00e8me, est un r\u00e9gal pour les yeux et les papilles. Son","og_url":"https:\/\/piquin-restaurant.fr\/blog\/a-la-une\/recette-de-la-piece-montee-reunionnaise-un-delice-festif-a-decouvrir\/","og_site_name":"piquin-restaurant","author":"Laura Gauthereau","twitter_card":"summary_large_image","schema":{"@context":"https:\/\/schema.org","@graph":[{"@type":"NewsArticle","@id":"https:\/\/piquin-restaurant.fr\/blog\/a-la-une\/recette-de-la-piece-montee-reunionnaise-un-delice-festif-a-decouvrir\/#article","isPartOf":{"@id":"https:\/\/piquin-restaurant.fr\/blog\/a-la-une\/recette-de-la-piece-montee-reunionnaise-un-delice-festif-a-decouvrir\/"},"author":{"name":"Laura Gauthereau","@id":"https:\/\/piquin-restaurant.fr\/blog\/#\/schema\/person\/3c864cdc320801e3db34b663e7e3f816"},"headline":"Recette de la pi\u00e8ce mont\u00e9e r\u00e9unionnaise : un d\u00e9lice festif \u00e0 d\u00e9couvrir","datePublished":"2025-03-07T14:55:00+00:00","mainEntityOfPage":{"@id":"https:\/\/piquin-restaurant.fr\/blog\/a-la-une\/recette-de-la-piece-montee-reunionnaise-un-delice-festif-a-decouvrir\/"},"wordCount":691,"commentCount":30,"publisher":{"@id":"https:\/\/piquin-restaurant.fr\/blog\/#organization"},"image":{"@id":"https:\/\/piquin-restaurant.fr\/blog\/a-la-une\/recette-de-la-piece-montee-reunionnaise-un-delice-festif-a-decouvrir\/#primaryimage"},"thumbnailUrl":"https:\/\/piquin-restaurant.fr\/blog\/wp-content\/uploads\/2025\/04\/sdxl-15644ff709f38f2c279985745821483b.png","keywords":["Choux","Cr\u00e8me P\u00e2tissi\u00e8re","Glace Royale","Ingr\u00e9dients Locaux","Pi\u00e8ce Mont\u00e9e","Recette R\u00e9unionnaise"],"articleSection":["\u00c0 la une"],"inLanguage":"fr-FR","potentialAction":[{"@type":"CommentAction","name":"Comment","target":["https:\/\/piquin-restaurant.fr\/blog\/a-la-une\/recette-de-la-piece-montee-reunionnaise-un-delice-festif-a-decouvrir\/#respond"]}]},{"@type":"WebPage","@id":"https:\/\/piquin-restaurant.fr\/blog\/a-la-une\/recette-de-la-piece-montee-reunionnaise-un-delice-festif-a-decouvrir\/","url":"https:\/\/piquin-restaurant.fr\/blog\/a-la-une\/recette-de-la-piece-montee-reunionnaise-un-delice-festif-a-decouvrir\/","name":"Recette de la pi\u00e8ce mont\u00e9e r\u00e9unionnaise : un d\u00e9lice festif \u00e0 d\u00e9couvrir","isPartOf":{"@id":"https:\/\/piquin-restaurant.fr\/blog\/#website"},"primaryImageOfPage":{"@id":"https:\/\/piquin-restaurant.fr\/blog\/a-la-une\/recette-de-la-piece-montee-reunionnaise-un-delice-festif-a-decouvrir\/#primaryimage"},"image":{"@id":"https:\/\/piquin-restaurant.fr\/blog\/a-la-une\/recette-de-la-piece-montee-reunionnaise-un-delice-festif-a-decouvrir\/#primaryimage"},"thumbnailUrl":"https:\/\/piquin-restaurant.fr\/blog\/wp-content\/uploads\/2025\/04\/sdxl-15644ff709f38f2c279985745821483b.png","datePublished":"2025-03-07T14:55:00+00:00","description":"La pi\u00e8ce mont\u00e9e : une tradition r\u00e9unionnaise Ce dessert spectaculaire, compos\u00e9 de choux garnis de cr\u00e8me, est un r\u00e9gal pour les yeux et les papilles. Son","inLanguage":"fr-FR","potentialAction":[{"@type":"ReadAction","target":["https:\/\/piquin-restaurant.fr\/blog\/a-la-une\/recette-de-la-piece-montee-reunionnaise-un-delice-festif-a-decouvrir\/"]}]},{"@type":"ImageObject","inLanguage":"fr-FR","@id":"https:\/\/piquin-restaurant.fr\/blog\/a-la-une\/recette-de-la-piece-montee-reunionnaise-un-delice-festif-a-decouvrir\/#primaryimage","url":"https:\/\/piquin-restaurant.fr\/blog\/wp-content\/uploads\/2025\/04\/sdxl-15644ff709f38f2c279985745821483b.png","contentUrl":"https:\/\/piquin-restaurant.fr\/blog\/wp-content\/uploads\/2025\/04\/sdxl-15644ff709f38f2c279985745821483b.png","width":1536,"height":640},{"@type":"WebSite","@id":"https:\/\/piquin-restaurant.fr\/blog\/#website","url":"https:\/\/piquin-restaurant.fr\/blog\/","name":"Piquin Magazine","description":"Votre destination gourmande.","publisher":{"@id":"https:\/\/piquin-restaurant.fr\/blog\/#organization"},"alternateName":"Votre destination gourmande.","potentialAction":[{"@type":"SearchAction","target":{"@type":"EntryPoint","urlTemplate":"https:\/\/piquin-restaurant.fr\/blog\/?s={search_term_string}"},"query-input":{"@type":"PropertyValueSpecification","valueRequired":true,"valueName":"search_term_string"}}],"inLanguage":"fr-FR"},{"@type":"Organization","@id":"https:\/\/piquin-restaurant.fr\/blog\/#organization","name":"Piquin Magazine","alternateName":"Piquin","url":"https:\/\/piquin-restaurant.fr\/blog\/","logo":{"@type":"ImageObject","inLanguage":"fr-FR","@id":"https:\/\/piquin-restaurant.fr\/blog\/#\/schema\/logo\/image\/","url":"https:\/\/piquin-restaurant.fr\/blog\/wp-content\/uploads\/2026\/07\/logo-auto.png","contentUrl":"https:\/\/piquin-restaurant.fr\/blog\/wp-content\/uploads\/2026\/07\/logo-auto.png","width":1024,"height":1024,"caption":"Piquin Magazine"},"image":{"@id":"https:\/\/piquin-restaurant.fr\/blog\/#\/schema\/logo\/image\/"}},{"@type":"Person","@id":"https:\/\/piquin-restaurant.fr\/blog\/#\/schema\/person\/3c864cdc320801e3db34b663e7e3f816","name":"Laura Gauthereau","image":{"@type":"ImageObject","inLanguage":"fr-FR","@id":"https:\/\/piquin-restaurant.fr\/blog\/#\/schema\/person\/image\/","url":"https:\/\/piquin-restaurant.fr\/blog\/wp-content\/uploads\/2026\/06\/persona_laura-g-96x96.jpg","contentUrl":"https:\/\/piquin-restaurant.fr\/blog\/wp-content\/uploads\/2026\/06\/persona_laura-g-96x96.jpg","caption":"Laura Gauthereau"},"description":"La cuisine est ma passion devenue m\u00e9tier : je r\u00e9dige sur la gastronomie, les recettes et l'art de bien manger depuis une dizaine d'ann\u00e9es. J'explore aussi bien la cuisine du quotidien que des univers plus pointus \u2014 le barbecue ma\u00eetris\u00e9, les saveurs de rue revisit\u00e9es, la p\u00e2tisserie ou la d\u00e9couverte des bonnes tables. J'aime expliquer le pourquoi d'une technique autant que le comment : pourquoi saisir, pourquoi laisser reposer, pourquoi cette association de go\u00fbts fonctionne. Avant de publier une recette, je la teste, j'ajuste les quantit\u00e9s et les temps de cuisson, et je propose des alternatives selon les r\u00e9gimes et les budgets. Je me m\u00e9fie des tendances qui ne tiennent pas en bouche. Mon angle : donner envie de cuisiner en rendant les choses accessibles, du d\u00e9butant intimid\u00e9 au gourmand qui veut progresser. Le plaisir reste mon premier crit\u00e8re, devant la performance.","sameAs":["https:\/\/lauragauthereau.fr\/"],"url":"https:\/\/piquin-restaurant.fr\/blog\/auteur\/noname\/"}]}},"_links":{"self":[{"href":"https:\/\/piquin-restaurant.fr\/blog\/wp-json\/wp\/v2\/posts\/8273","targetHints":{"allow":["GET"]}}],"collection":[{"href":"https:\/\/piquin-restaurant.fr\/blog\/wp-json\/wp\/v2\/posts"}],"about":[{"href":"https:\/\/piquin-restaurant.fr\/blog\/wp-json\/wp\/v2\/types\/post"}],"author":[{"embeddable":true,"href":"https:\/\/piquin-restaurant.fr\/blog\/wp-json\/wp\/v2\/users\/34"}],"replies":[{"embeddable":true,"href":"https:\/\/piquin-restaurant.fr\/blog\/wp-json\/wp\/v2\/comments?post=8273"}],"version-history":[{"count":1,"href":"https:\/\/piquin-restaurant.fr\/blog\/wp-json\/wp\/v2\/posts\/8273\/revisions"}],"predecessor-version":[{"id":9465,"href":"https:\/\/piquin-restaurant.fr\/blog\/wp-json\/wp\/v2\/posts\/8273\/revisions\/9465"}],"wp:featuredmedia":[{"embeddable":true,"href":"https:\/\/piquin-restaurant.fr\/blog\/wp-json\/wp\/v2\/media\/9899"}],"wp:attachment":[{"href":"https:\/\/piquin-restaurant.fr\/blog\/wp-json\/wp\/v2\/media?parent=8273"}],"wp:term":[{"taxonomy":"category","embeddable":true,"href":"https:\/\/piquin-restaurant.fr\/blog\/wp-json\/wp\/v2\/categories?post=8273"},{"taxonomy":"post_tag","embeddable":true,"href":"https:\/\/piquin-restaurant.fr\/blog\/wp-json\/wp\/v2\/tags?post=8273"}],"curies":[{"name":"wp","href":"https:\/\/api.w.org\/{rel}","templated":true}]}}