{"id":8599,"date":"2025-04-24T18:55:00","date_gmt":"2025-04-24T16:55:00","guid":{"rendered":"https:\/\/piquin-restaurant.fr\/blog\/?p=8599"},"modified":"2025-02-10T17:08:45","modified_gmt":"2025-02-10T16:08:45","slug":"recette-des-macarons-de-saint-emilion-un-delice-signe-lenotre","status":"publish","type":"post","link":"https:\/\/piquin-restaurant.fr\/blog\/a-la-une\/recette-des-macarons-de-saint-emilion-un-delice-signe-lenotre\/","title":{"rendered":"Recette des macarons de Saint-\u00c9milion : un d\u00e9lice sign\u00e9 Len\u00f4tre"},"content":{"rendered":"<h2>D\u00e9couvrez la recette des macarons de Saint-\u00c9milion<\/h2>\n<p>R\u00e9put\u00e9s pour leur texture croustillante \u00e0 l&rsquo;ext\u00e9rieur et moelleuse \u00e0 l&rsquo;int\u00e9rieur, ces macarons s\u00e9duisent les amateurs de douceurs. La maison Len\u00f4tre, symbole de l&rsquo;art culinaire fran\u00e7ais, propose une recette authentique qui ravira vos papilles.<\/p>\n<h2>Ingr\u00e9dients n\u00e9cessaires pour r\u00e9aliser des macarons<\/h2>\n<p>Pour r\u00e9aliser ces petites merveilles, il vous faudra pr\u00e9parer une liste d&rsquo;ingr\u00e9dients m\u00e9ticuleusement choisis. Voici ce dont vous aurez besoin :<\/p>\n<blockquote class=\"wp-embedded-content\" data-secret=\"0WWLYGeOFi\"><p><a href=\"https:\/\/piquin-restaurant.fr\/blog\/a-la-une\/decouvrez-la-recette-du-geant-vert-un-delice-a-partager\/\">D\u00e9couvrez la recette du g\u00e9ant vert : un d\u00e9lice \u00e0 partager<\/a><\/p><\/blockquote>\n<p><iframe loading=\"lazy\" class=\"wp-embedded-content\" sandbox=\"allow-scripts\" security=\"restricted\" style=\"position: absolute; visibility: hidden;\" title=\"\u00ab\u00a0D\u00e9couvrez la recette du g\u00e9ant vert : un d\u00e9lice \u00e0 partager\u00a0\u00bb &#8212; piquin-restaurant\" src=\"https:\/\/piquin-restaurant.fr\/blog\/a-la-une\/decouvrez-la-recette-du-geant-vert-un-delice-a-partager\/embed\/#?secret=cy7HtYR5lu#?secret=0WWLYGeOFi\" data-secret=\"0WWLYGeOFi\" width=\"600\" height=\"338\" frameborder=\"0\" marginwidth=\"0\" marginheight=\"0\" scrolling=\"no\"><\/iframe><\/p>\n<ul>\n<li><strong>Pour les coques :<\/strong> 125 g de poudre d&rsquo;amande, 225 g de sucre glace, 110 g de blancs d&rsquo;\u0153ufs, 30 g de sucre semoule.<\/li>\n<li><strong>Pour la ganache :<\/strong> 200 g de chocolat noir, 100 g de cr\u00e8me liquide, 30 g de beurre.<\/li>\n<li><strong>Pour la d\u00e9coration :<\/strong> quelques \u00e9clats de noisettes ou amandes caram\u00e9lis\u00e9es.<\/li>\n<\/ul>\n<h2>\u00c9tapes de pr\u00e9paration des macarons<\/h2>\n<p>La r\u00e9alisation des macarons de Saint-\u00c9milion demande un peu de technique, mais le jeu en vaut la chandelle. Suivez ces \u00e9tapes :<\/p>\n<li><strong>Pr\u00e9paration des coques :<\/strong> Tamisez la poudre d&rsquo;amande et le sucre glace ensemble pour obtenir une texture fine. Montez les blancs d&rsquo;\u0153ufs en neige, ajoutez le sucre semoule progressivement jusqu&rsquo;\u00e0 obtenir une meringue ferme.<\/li>\n<li><strong>Incorporation :<\/strong> Incorporez d\u00e9licatement le m\u00e9lange de poudre d&rsquo;amande et de sucre \u00e0 la meringue. M\u00e9langez jusqu&rsquo;\u00e0 obtenir une p\u00e2te lisse.<\/li>\n<li><strong>Dressage :<\/strong> \u00c0 l&rsquo;aide d&rsquo;une poche \u00e0 douille, dressez des petits cercles sur une plaque recouverte de papier sulfuris\u00e9. Laissez cro\u00fbter pendant 30 minutes.<\/li>\n<li><strong>Cuisson :<\/strong> Pr\u00e9chauffez votre four \u00e0 150\u00b0C. Enfournez les coques pour environ 12-15 minutes. Laissez refroidir.<\/li>\n<li><strong>Pr\u00e9paration de la ganache :<\/strong> Faites chauffer la cr\u00e8me, puis versez-la sur le chocolat noir hach\u00e9. M\u00e9langez jusqu&rsquo;\u00e0 obtenir une ganache lisse, puis incorporez le beurre.<\/li>\n<li><strong>Assemblage :<\/strong> Une fois les coques froides, garnissez-les de ganache et refermez avec une autre coque.<\/li>\n<h2>Les astuces pour r\u00e9ussir vos macarons<\/h2>\n<p>La pr\u00e9paration des macarons peut sembler complexe. Voici quelques conseils pour vous aider :<\/p>\n<blockquote class=\"wp-embedded-content\" data-secret=\"P9TGrfKkB5\"><p><a href=\"https:\/\/piquin-restaurant.fr\/blog\/a-la-une\/telecharger-des-recettes-cookeo-sur-usb-guide-complet-et-pratique\/\">T\u00e9l\u00e9charger des recettes Cookeo sur USB : Guide complet et pratique<\/a><\/p><\/blockquote>\n<p><iframe loading=\"lazy\" class=\"wp-embedded-content\" sandbox=\"allow-scripts\" security=\"restricted\" style=\"position: absolute; visibility: hidden;\" title=\"\u00ab\u00a0T\u00e9l\u00e9charger des recettes Cookeo sur USB : Guide complet et pratique\u00a0\u00bb &#8212; piquin-restaurant\" src=\"https:\/\/piquin-restaurant.fr\/blog\/a-la-une\/telecharger-des-recettes-cookeo-sur-usb-guide-complet-et-pratique\/embed\/#?secret=TPQxIwtJKN#?secret=P9TGrfKkB5\" data-secret=\"P9TGrfKkB5\" width=\"600\" height=\"338\" frameborder=\"0\" marginwidth=\"0\" marginheight=\"0\" scrolling=\"no\"><\/iframe><\/p>\n<table>\n<tr>\n<th>Astuce<\/th>\n<th>Explication<\/th>\n<th>Impact<\/th>\n<\/tr>\n<tr>\n<td>Choisissez de bonnes amandes<\/td>\n<td>Utilisez de la poudre d&rsquo;amande fine pour une texture parfaite.<\/td>\n<td>Coques plus lisses et homog\u00e8nes.<\/td>\n<\/tr>\n<tr>\n<td>Ne n\u00e9gligez pas le temps de repos<\/td>\n<td>Laissez cro\u00fbter les coques avant la cuisson.<\/td>\n<td>Meilleure tenue \u00e0 la cuisson.<\/td>\n<\/tr>\n<tr>\n<td>Contr\u00f4lez la temp\u00e9rature du four<\/td>\n<td>Utilisez un thermom\u00e8tre pour \u00e9viter les surprises.<\/td>\n<td>\u00c9vitez des coques br\u00fbl\u00e9es ou insuffisamment cuites.<\/td>\n<\/tr>\n<\/table>\n<blockquote>\n<p><strong>\u00ab La p\u00e2tisserie est un art, et chaque macaron est une \u0153uvre d&rsquo;art. \u00bb &#8211; Pierre Herm\u00e9<\/strong><\/p>\n<\/blockquote>\n<h3>FAQ :<\/h3>\n<blockquote>\n<ul>\n<li><strong>Quelle est la dur\u00e9e de conservation des macarons ?<\/strong>Les macarons se conservent jusqu&rsquo;\u00e0 5 jours au r\u00e9frig\u00e9rateur.<\/li>\n<li><strong>Peut-on utiliser d&rsquo;autres parfums pour la ganache ?<\/strong>Oui, vous pouvez exp\u00e9rimenter avec des fruits, des \u00e9pices ou des liqueurs.<\/li>\n<li><strong>Les macarons peuvent-ils \u00eatre congel\u00e9s ?<\/strong>Oui, congelez-les une fois garnis pour une meilleure conservation.<\/li>\n<li><strong>Quel vin accompagnerait ces macarons ?<\/strong>Un vin doux comme un Sauternes compl\u00e9tera parfaitement leur douceur.<\/li>\n<\/ul>\n<\/blockquote>\n<p>Les macarons de Saint-\u00c9milion, un d\u00e9lice \u00e0 partager, incarnent l&rsquo;\u00e9l\u00e9gance de la p\u00e2tisserie fran\u00e7aise. En suivant ces \u00e9tapes pr\u00e9cises et en respectant les astuces, vous obtiendrez des macarons dignes des plus grandes maisons. Lancez-vous dans cette aventure gourmande et r\u00e9galez vos invit\u00e9s avec ces douceurs irr\u00e9sistibles !<\/p>\n","protected":false},"excerpt":{"rendered":"","protected":false},"author":34,"featured_media":10348,"comment_status":"open","ping_status":"open","sticky":false,"template":"","format":"standard","meta":{"_acf_changed":false,"manual_indexmenow":false,"indexmenow_id_project":0,"footnotes":""},"categories":[1],"tags":[2996,5307,3279,4911,2769,5881],"class_list":["post-8599","post","type-post","status-publish","format-standard","has-post-thumbnail","hentry","category-a-la-une","tag-astuces","tag-ganache","tag-ingredients","tag-macarons","tag-recette","tag-saint-emilion","generate-columns","tablet-grid-50","mobile-grid-100","grid-parent","grid-25"],"acf":[],"yoast_head":"<!-- This site is optimized with the Yoast SEO Premium plugin v21.3 (Yoast SEO v26.5) - https:\/\/yoast.com\/wordpress\/plugins\/seo\/ -->\n<title>Recette des macarons de Saint-\u00c9milion : un d\u00e9lice sign\u00e9 Len\u00f4tre<\/title>\n<meta name=\"description\" content=\"D\u00e9couvrez la recette des macarons de Saint-\u00c9milion R\u00e9put\u00e9s pour leur texture croustillante \u00e0 l&#039;ext\u00e9rieur et moelleuse \u00e0 l&#039;int\u00e9rieur, ces macarons\" \/>\n<meta name=\"robots\" content=\"index, follow, max-snippet:-1, max-image-preview:large, max-video-preview:-1\" \/>\n<link rel=\"canonical\" href=\"https:\/\/piquin-restaurant.fr\/blog\/a-la-une\/recette-des-macarons-de-saint-emilion-un-delice-signe-lenotre\/\" \/>\n<meta property=\"og:locale\" content=\"fr_FR\" \/>\n<meta property=\"og:type\" content=\"article\" \/>\n<meta property=\"og:title\" content=\"Recette des macarons de Saint-\u00c9milion : un d\u00e9lice sign\u00e9 Len\u00f4tre\" \/>\n<meta property=\"og:description\" content=\"D\u00e9couvrez la recette des macarons de Saint-\u00c9milion R\u00e9put\u00e9s pour leur texture croustillante \u00e0 l&#039;ext\u00e9rieur et moelleuse \u00e0 l&#039;int\u00e9rieur, ces macarons\" \/>\n<meta property=\"og:url\" content=\"https:\/\/piquin-restaurant.fr\/blog\/a-la-une\/recette-des-macarons-de-saint-emilion-un-delice-signe-lenotre\/\" \/>\n<meta property=\"og:site_name\" content=\"piquin-restaurant\" \/>\n<meta name=\"author\" content=\"Laura Gauthereau\" \/>\n<meta name=\"twitter:card\" content=\"summary_large_image\" \/>\n<script type=\"application\/ld+json\" class=\"yoast-schema-graph\">{\"@context\":\"https:\/\/schema.org\",\"@graph\":[{\"@type\":\"NewsArticle\",\"@id\":\"https:\/\/piquin-restaurant.fr\/blog\/a-la-une\/recette-des-macarons-de-saint-emilion-un-delice-signe-lenotre\/#article\",\"isPartOf\":{\"@id\":\"https:\/\/piquin-restaurant.fr\/blog\/a-la-une\/recette-des-macarons-de-saint-emilion-un-delice-signe-lenotre\/\"},\"author\":{\"name\":\"Laura Gauthereau\",\"@id\":\"https:\/\/piquin-restaurant.fr\/blog\/#\/schema\/person\/3c864cdc320801e3db34b663e7e3f816\"},\"headline\":\"Recette des macarons de Saint-\u00c9milion : un d\u00e9lice sign\u00e9 Len\u00f4tre\",\"datePublished\":\"2025-04-24T16:55:00+00:00\",\"mainEntityOfPage\":{\"@id\":\"https:\/\/piquin-restaurant.fr\/blog\/a-la-une\/recette-des-macarons-de-saint-emilion-un-delice-signe-lenotre\/\"},\"wordCount\":561,\"commentCount\":30,\"publisher\":{\"@id\":\"https:\/\/piquin-restaurant.fr\/blog\/#organization\"},\"image\":{\"@id\":\"https:\/\/piquin-restaurant.fr\/blog\/a-la-une\/recette-des-macarons-de-saint-emilion-un-delice-signe-lenotre\/#primaryimage\"},\"thumbnailUrl\":\"https:\/\/piquin-restaurant.fr\/blog\/wp-content\/uploads\/2025\/05\/sdxl-a13be2c03b74eb42cdfbee000a3b8851-scaled.png\",\"keywords\":[\"Astuces\",\"Ganache\",\"Ingr\u00e9dients\",\"Macarons\",\"Recette\",\"Saint-\u00c9milion\"],\"articleSection\":[\"\u00c0 la une\"],\"inLanguage\":\"fr-FR\",\"potentialAction\":[{\"@type\":\"CommentAction\",\"name\":\"Comment\",\"target\":[\"https:\/\/piquin-restaurant.fr\/blog\/a-la-une\/recette-des-macarons-de-saint-emilion-un-delice-signe-lenotre\/#respond\"]}]},{\"@type\":\"WebPage\",\"@id\":\"https:\/\/piquin-restaurant.fr\/blog\/a-la-une\/recette-des-macarons-de-saint-emilion-un-delice-signe-lenotre\/\",\"url\":\"https:\/\/piquin-restaurant.fr\/blog\/a-la-une\/recette-des-macarons-de-saint-emilion-un-delice-signe-lenotre\/\",\"name\":\"Recette des macarons de Saint-\u00c9milion : un d\u00e9lice sign\u00e9 Len\u00f4tre\",\"isPartOf\":{\"@id\":\"https:\/\/piquin-restaurant.fr\/blog\/#website\"},\"primaryImageOfPage\":{\"@id\":\"https:\/\/piquin-restaurant.fr\/blog\/a-la-une\/recette-des-macarons-de-saint-emilion-un-delice-signe-lenotre\/#primaryimage\"},\"image\":{\"@id\":\"https:\/\/piquin-restaurant.fr\/blog\/a-la-une\/recette-des-macarons-de-saint-emilion-un-delice-signe-lenotre\/#primaryimage\"},\"thumbnailUrl\":\"https:\/\/piquin-restaurant.fr\/blog\/wp-content\/uploads\/2025\/05\/sdxl-a13be2c03b74eb42cdfbee000a3b8851-scaled.png\",\"datePublished\":\"2025-04-24T16:55:00+00:00\",\"description\":\"D\u00e9couvrez la recette des macarons de Saint-\u00c9milion R\u00e9put\u00e9s pour leur texture croustillante \u00e0 l'ext\u00e9rieur et moelleuse \u00e0 l'int\u00e9rieur, ces macarons\",\"inLanguage\":\"fr-FR\",\"potentialAction\":[{\"@type\":\"ReadAction\",\"target\":[\"https:\/\/piquin-restaurant.fr\/blog\/a-la-une\/recette-des-macarons-de-saint-emilion-un-delice-signe-lenotre\/\"]}]},{\"@type\":\"ImageObject\",\"inLanguage\":\"fr-FR\",\"@id\":\"https:\/\/piquin-restaurant.fr\/blog\/a-la-une\/recette-des-macarons-de-saint-emilion-un-delice-signe-lenotre\/#primaryimage\",\"url\":\"https:\/\/piquin-restaurant.fr\/blog\/wp-content\/uploads\/2025\/05\/sdxl-a13be2c03b74eb42cdfbee000a3b8851-scaled.png\",\"contentUrl\":\"https:\/\/piquin-restaurant.fr\/blog\/wp-content\/uploads\/2025\/05\/sdxl-a13be2c03b74eb42cdfbee000a3b8851-scaled.png\",\"width\":1200,\"height\":500},{\"@type\":\"WebSite\",\"@id\":\"https:\/\/piquin-restaurant.fr\/blog\/#website\",\"url\":\"https:\/\/piquin-restaurant.fr\/blog\/\",\"name\":\"Piquin Magazine\",\"description\":\"Votre destination gourmande.\",\"publisher\":{\"@id\":\"https:\/\/piquin-restaurant.fr\/blog\/#organization\"},\"alternateName\":\"Votre destination gourmande.\",\"potentialAction\":[{\"@type\":\"SearchAction\",\"target\":{\"@type\":\"EntryPoint\",\"urlTemplate\":\"https:\/\/piquin-restaurant.fr\/blog\/?s={search_term_string}\"},\"query-input\":{\"@type\":\"PropertyValueSpecification\",\"valueRequired\":true,\"valueName\":\"search_term_string\"}}],\"inLanguage\":\"fr-FR\"},{\"@type\":\"Organization\",\"@id\":\"https:\/\/piquin-restaurant.fr\/blog\/#organization\",\"name\":\"Piquin Magazine\",\"alternateName\":\"Piquin\",\"url\":\"https:\/\/piquin-restaurant.fr\/blog\/\",\"logo\":{\"@type\":\"ImageObject\",\"inLanguage\":\"fr-FR\",\"@id\":\"https:\/\/piquin-restaurant.fr\/blog\/#\/schema\/logo\/image\/\",\"url\":\"https:\/\/piquin-restaurant.fr\/blog\/wp-content\/uploads\/2026\/07\/logo-auto.png\",\"contentUrl\":\"https:\/\/piquin-restaurant.fr\/blog\/wp-content\/uploads\/2026\/07\/logo-auto.png\",\"width\":1024,\"height\":1024,\"caption\":\"Piquin Magazine\"},\"image\":{\"@id\":\"https:\/\/piquin-restaurant.fr\/blog\/#\/schema\/logo\/image\/\"}},{\"@type\":\"Person\",\"@id\":\"https:\/\/piquin-restaurant.fr\/blog\/#\/schema\/person\/3c864cdc320801e3db34b663e7e3f816\",\"name\":\"Laura Gauthereau\",\"image\":{\"@type\":\"ImageObject\",\"inLanguage\":\"fr-FR\",\"@id\":\"https:\/\/piquin-restaurant.fr\/blog\/#\/schema\/person\/image\/\",\"url\":\"https:\/\/piquin-restaurant.fr\/blog\/wp-content\/uploads\/2026\/06\/persona_laura-g-96x96.jpg\",\"contentUrl\":\"https:\/\/piquin-restaurant.fr\/blog\/wp-content\/uploads\/2026\/06\/persona_laura-g-96x96.jpg\",\"caption\":\"Laura Gauthereau\"},\"description\":\"La cuisine est ma passion devenue m\u00e9tier : je r\u00e9dige sur la gastronomie, les recettes et l'art de bien manger depuis une dizaine d'ann\u00e9es. J'explore aussi bien la cuisine du quotidien que des univers plus pointus \u2014 le barbecue ma\u00eetris\u00e9, les saveurs de rue revisit\u00e9es, la p\u00e2tisserie ou la d\u00e9couverte des bonnes tables. J'aime expliquer le pourquoi d'une technique autant que le comment : pourquoi saisir, pourquoi laisser reposer, pourquoi cette association de go\u00fbts fonctionne. Avant de publier une recette, je la teste, j'ajuste les quantit\u00e9s et les temps de cuisson, et je propose des alternatives selon les r\u00e9gimes et les budgets. Je me m\u00e9fie des tendances qui ne tiennent pas en bouche. Mon angle : donner envie de cuisiner en rendant les choses accessibles, du d\u00e9butant intimid\u00e9 au gourmand qui veut progresser. Le plaisir reste mon premier crit\u00e8re, devant la performance.\",\"sameAs\":[\"https:\/\/lauragauthereau.fr\/\"],\"url\":\"https:\/\/piquin-restaurant.fr\/blog\/auteur\/noname\/\"}]}<\/script>\n<!-- \/ Yoast SEO Premium plugin. -->","yoast_head_json":{"title":"Recette des macarons de Saint-\u00c9milion : un d\u00e9lice sign\u00e9 Len\u00f4tre","description":"D\u00e9couvrez la recette des macarons de Saint-\u00c9milion R\u00e9put\u00e9s pour leur texture croustillante \u00e0 l'ext\u00e9rieur et moelleuse \u00e0 l'int\u00e9rieur, ces macarons","robots":{"index":"index","follow":"follow","max-snippet":"max-snippet:-1","max-image-preview":"max-image-preview:large","max-video-preview":"max-video-preview:-1"},"canonical":"https:\/\/piquin-restaurant.fr\/blog\/a-la-une\/recette-des-macarons-de-saint-emilion-un-delice-signe-lenotre\/","og_locale":"fr_FR","og_type":"article","og_title":"Recette des macarons de Saint-\u00c9milion : un d\u00e9lice sign\u00e9 Len\u00f4tre","og_description":"D\u00e9couvrez la recette des macarons de Saint-\u00c9milion R\u00e9put\u00e9s pour leur texture croustillante \u00e0 l'ext\u00e9rieur et moelleuse \u00e0 l'int\u00e9rieur, ces macarons","og_url":"https:\/\/piquin-restaurant.fr\/blog\/a-la-une\/recette-des-macarons-de-saint-emilion-un-delice-signe-lenotre\/","og_site_name":"piquin-restaurant","author":"Laura Gauthereau","twitter_card":"summary_large_image","schema":{"@context":"https:\/\/schema.org","@graph":[{"@type":"NewsArticle","@id":"https:\/\/piquin-restaurant.fr\/blog\/a-la-une\/recette-des-macarons-de-saint-emilion-un-delice-signe-lenotre\/#article","isPartOf":{"@id":"https:\/\/piquin-restaurant.fr\/blog\/a-la-une\/recette-des-macarons-de-saint-emilion-un-delice-signe-lenotre\/"},"author":{"name":"Laura Gauthereau","@id":"https:\/\/piquin-restaurant.fr\/blog\/#\/schema\/person\/3c864cdc320801e3db34b663e7e3f816"},"headline":"Recette des macarons de Saint-\u00c9milion : un d\u00e9lice sign\u00e9 Len\u00f4tre","datePublished":"2025-04-24T16:55:00+00:00","mainEntityOfPage":{"@id":"https:\/\/piquin-restaurant.fr\/blog\/a-la-une\/recette-des-macarons-de-saint-emilion-un-delice-signe-lenotre\/"},"wordCount":561,"commentCount":30,"publisher":{"@id":"https:\/\/piquin-restaurant.fr\/blog\/#organization"},"image":{"@id":"https:\/\/piquin-restaurant.fr\/blog\/a-la-une\/recette-des-macarons-de-saint-emilion-un-delice-signe-lenotre\/#primaryimage"},"thumbnailUrl":"https:\/\/piquin-restaurant.fr\/blog\/wp-content\/uploads\/2025\/05\/sdxl-a13be2c03b74eb42cdfbee000a3b8851-scaled.png","keywords":["Astuces","Ganache","Ingr\u00e9dients","Macarons","Recette","Saint-\u00c9milion"],"articleSection":["\u00c0 la une"],"inLanguage":"fr-FR","potentialAction":[{"@type":"CommentAction","name":"Comment","target":["https:\/\/piquin-restaurant.fr\/blog\/a-la-une\/recette-des-macarons-de-saint-emilion-un-delice-signe-lenotre\/#respond"]}]},{"@type":"WebPage","@id":"https:\/\/piquin-restaurant.fr\/blog\/a-la-une\/recette-des-macarons-de-saint-emilion-un-delice-signe-lenotre\/","url":"https:\/\/piquin-restaurant.fr\/blog\/a-la-une\/recette-des-macarons-de-saint-emilion-un-delice-signe-lenotre\/","name":"Recette des macarons de Saint-\u00c9milion : un d\u00e9lice sign\u00e9 Len\u00f4tre","isPartOf":{"@id":"https:\/\/piquin-restaurant.fr\/blog\/#website"},"primaryImageOfPage":{"@id":"https:\/\/piquin-restaurant.fr\/blog\/a-la-une\/recette-des-macarons-de-saint-emilion-un-delice-signe-lenotre\/#primaryimage"},"image":{"@id":"https:\/\/piquin-restaurant.fr\/blog\/a-la-une\/recette-des-macarons-de-saint-emilion-un-delice-signe-lenotre\/#primaryimage"},"thumbnailUrl":"https:\/\/piquin-restaurant.fr\/blog\/wp-content\/uploads\/2025\/05\/sdxl-a13be2c03b74eb42cdfbee000a3b8851-scaled.png","datePublished":"2025-04-24T16:55:00+00:00","description":"D\u00e9couvrez la recette des macarons de Saint-\u00c9milion R\u00e9put\u00e9s pour leur texture croustillante \u00e0 l'ext\u00e9rieur et moelleuse \u00e0 l'int\u00e9rieur, ces macarons","inLanguage":"fr-FR","potentialAction":[{"@type":"ReadAction","target":["https:\/\/piquin-restaurant.fr\/blog\/a-la-une\/recette-des-macarons-de-saint-emilion-un-delice-signe-lenotre\/"]}]},{"@type":"ImageObject","inLanguage":"fr-FR","@id":"https:\/\/piquin-restaurant.fr\/blog\/a-la-une\/recette-des-macarons-de-saint-emilion-un-delice-signe-lenotre\/#primaryimage","url":"https:\/\/piquin-restaurant.fr\/blog\/wp-content\/uploads\/2025\/05\/sdxl-a13be2c03b74eb42cdfbee000a3b8851-scaled.png","contentUrl":"https:\/\/piquin-restaurant.fr\/blog\/wp-content\/uploads\/2025\/05\/sdxl-a13be2c03b74eb42cdfbee000a3b8851-scaled.png","width":1200,"height":500},{"@type":"WebSite","@id":"https:\/\/piquin-restaurant.fr\/blog\/#website","url":"https:\/\/piquin-restaurant.fr\/blog\/","name":"Piquin Magazine","description":"Votre destination gourmande.","publisher":{"@id":"https:\/\/piquin-restaurant.fr\/blog\/#organization"},"alternateName":"Votre destination gourmande.","potentialAction":[{"@type":"SearchAction","target":{"@type":"EntryPoint","urlTemplate":"https:\/\/piquin-restaurant.fr\/blog\/?s={search_term_string}"},"query-input":{"@type":"PropertyValueSpecification","valueRequired":true,"valueName":"search_term_string"}}],"inLanguage":"fr-FR"},{"@type":"Organization","@id":"https:\/\/piquin-restaurant.fr\/blog\/#organization","name":"Piquin Magazine","alternateName":"Piquin","url":"https:\/\/piquin-restaurant.fr\/blog\/","logo":{"@type":"ImageObject","inLanguage":"fr-FR","@id":"https:\/\/piquin-restaurant.fr\/blog\/#\/schema\/logo\/image\/","url":"https:\/\/piquin-restaurant.fr\/blog\/wp-content\/uploads\/2026\/07\/logo-auto.png","contentUrl":"https:\/\/piquin-restaurant.fr\/blog\/wp-content\/uploads\/2026\/07\/logo-auto.png","width":1024,"height":1024,"caption":"Piquin Magazine"},"image":{"@id":"https:\/\/piquin-restaurant.fr\/blog\/#\/schema\/logo\/image\/"}},{"@type":"Person","@id":"https:\/\/piquin-restaurant.fr\/blog\/#\/schema\/person\/3c864cdc320801e3db34b663e7e3f816","name":"Laura Gauthereau","image":{"@type":"ImageObject","inLanguage":"fr-FR","@id":"https:\/\/piquin-restaurant.fr\/blog\/#\/schema\/person\/image\/","url":"https:\/\/piquin-restaurant.fr\/blog\/wp-content\/uploads\/2026\/06\/persona_laura-g-96x96.jpg","contentUrl":"https:\/\/piquin-restaurant.fr\/blog\/wp-content\/uploads\/2026\/06\/persona_laura-g-96x96.jpg","caption":"Laura Gauthereau"},"description":"La cuisine est ma passion devenue m\u00e9tier : je r\u00e9dige sur la gastronomie, les recettes et l'art de bien manger depuis une dizaine d'ann\u00e9es. J'explore aussi bien la cuisine du quotidien que des univers plus pointus \u2014 le barbecue ma\u00eetris\u00e9, les saveurs de rue revisit\u00e9es, la p\u00e2tisserie ou la d\u00e9couverte des bonnes tables. J'aime expliquer le pourquoi d'une technique autant que le comment : pourquoi saisir, pourquoi laisser reposer, pourquoi cette association de go\u00fbts fonctionne. Avant de publier une recette, je la teste, j'ajuste les quantit\u00e9s et les temps de cuisson, et je propose des alternatives selon les r\u00e9gimes et les budgets. Je me m\u00e9fie des tendances qui ne tiennent pas en bouche. Mon angle : donner envie de cuisiner en rendant les choses accessibles, du d\u00e9butant intimid\u00e9 au gourmand qui veut progresser. Le plaisir reste mon premier crit\u00e8re, devant la performance.","sameAs":["https:\/\/lauragauthereau.fr\/"],"url":"https:\/\/piquin-restaurant.fr\/blog\/auteur\/noname\/"}]}},"_links":{"self":[{"href":"https:\/\/piquin-restaurant.fr\/blog\/wp-json\/wp\/v2\/posts\/8599","targetHints":{"allow":["GET"]}}],"collection":[{"href":"https:\/\/piquin-restaurant.fr\/blog\/wp-json\/wp\/v2\/posts"}],"about":[{"href":"https:\/\/piquin-restaurant.fr\/blog\/wp-json\/wp\/v2\/types\/post"}],"author":[{"embeddable":true,"href":"https:\/\/piquin-restaurant.fr\/blog\/wp-json\/wp\/v2\/users\/34"}],"replies":[{"embeddable":true,"href":"https:\/\/piquin-restaurant.fr\/blog\/wp-json\/wp\/v2\/comments?post=8599"}],"version-history":[{"count":1,"href":"https:\/\/piquin-restaurant.fr\/blog\/wp-json\/wp\/v2\/posts\/8599\/revisions"}],"predecessor-version":[{"id":10176,"href":"https:\/\/piquin-restaurant.fr\/blog\/wp-json\/wp\/v2\/posts\/8599\/revisions\/10176"}],"wp:featuredmedia":[{"embeddable":true,"href":"https:\/\/piquin-restaurant.fr\/blog\/wp-json\/wp\/v2\/media\/10348"}],"wp:attachment":[{"href":"https:\/\/piquin-restaurant.fr\/blog\/wp-json\/wp\/v2\/media?parent=8599"}],"wp:term":[{"taxonomy":"category","embeddable":true,"href":"https:\/\/piquin-restaurant.fr\/blog\/wp-json\/wp\/v2\/categories?post=8599"},{"taxonomy":"post_tag","embeddable":true,"href":"https:\/\/piquin-restaurant.fr\/blog\/wp-json\/wp\/v2\/tags?post=8599"}],"curies":[{"name":"wp","href":"https:\/\/api.w.org\/{rel}","templated":true}]}}