{"id":8797,"date":"2025-04-02T17:55:00","date_gmt":"2025-04-02T15:55:00","guid":{"rendered":"https:\/\/piquin-restaurant.fr\/blog\/?p=8797"},"modified":"2025-02-10T17:29:47","modified_gmt":"2025-02-10T16:29:47","slug":"poesie-et-recette-un-voyage-culinaire-en-vers-et-en-saveurs","status":"publish","type":"post","link":"https:\/\/piquin-restaurant.fr\/blog\/a-la-une\/poesie-et-recette-un-voyage-culinaire-en-vers-et-en-saveurs\/","title":{"rendered":"Poesie et Recette : Un Voyage Culinaire en Vers et en Saveurs"},"content":{"rendered":"<h2>Introduction<\/h2>\n<p>Elles \u00e9voquent des \u00e9motions, racontent des histoires et c\u00e9l\u00e8brent la beaut\u00e9 du quotidien. Dans cet article, nous allons explorer comment la po\u00e9sie se m\u00eale \u00e0 l\u2019art culinaire, transformant des recettes en v\u00e9ritables \u0153uvres litt\u00e9raires.<\/p>\n<h2>Le lien entre po\u00e9sie et cuisine<\/h2>\n<p>La cuisine, tout comme la po\u00e9sie, demande de la cr\u00e9ativit\u00e9 et de l\u2019attention aux d\u00e9tails. Les chefs et les po\u00e8tes s\u2019efforcent de capturer l\u2019essence d\u2019un moment, que ce soit \u00e0 travers un plat savoureux ou un vers \u00e9vocateur. Par exemple, un plat peut \u00eatre d\u00e9crit comme un po\u00e8me, chaque ingr\u00e9dient jouant un r\u00f4le crucial dans la composition finale.<\/p>\n<p>Les grands chefs tels que Paul Bocuse ont souvent \u00e9voqu\u00e9 la beaut\u00e9 de la gastronomie en la comparant \u00e0 la po\u00e9sie. Cette analogie souligne la passion qui anime chaque acte de cr\u00e9ation, qu\u2019il s\u2019agisse de m\u00e9langer des saveurs ou de jouer avec des mots.<\/p>\n<blockquote class=\"wp-embedded-content\" data-secret=\"XiiMiWX2ox\"><p><a href=\"https:\/\/piquin-restaurant.fr\/blog\/a-la-une\/telecharger-des-recettes-cookeo-sur-usb-guide-complet-et-pratique\/\">T\u00e9l\u00e9charger des recettes Cookeo sur USB : Guide complet et pratique<\/a><\/p><\/blockquote>\n<p><iframe loading=\"lazy\" class=\"wp-embedded-content\" sandbox=\"allow-scripts\" security=\"restricted\" style=\"position: absolute; visibility: hidden;\" title=\"\u00ab\u00a0T\u00e9l\u00e9charger des recettes Cookeo sur USB : Guide complet et pratique\u00a0\u00bb &#8212; piquin-restaurant\" src=\"https:\/\/piquin-restaurant.fr\/blog\/a-la-une\/telecharger-des-recettes-cookeo-sur-usb-guide-complet-et-pratique\/embed\/#?secret=S4g0Ssvub2#?secret=XiiMiWX2ox\" data-secret=\"XiiMiWX2ox\" width=\"600\" height=\"338\" frameborder=\"0\" marginwidth=\"0\" marginheight=\"0\" scrolling=\"no\"><\/iframe><\/p>\n<h2>Recettes po\u00e9tiques : un exemple \u00e0 savourer<\/h2>\n<p>Imaginons une recette de <strong>tarte aux pommes<\/strong> pr\u00e9sent\u00e9e sous forme de po\u00e8me :<\/p>\n<blockquote>\n<p>Dans la douceur d\u2019un matin,<\/p>\n<p>Les pommes s\u2019\u00e9veillent, dor\u00e9es,<\/p>\n<p>Un soup\u00e7on de cannelle, un soupir divin,<\/p>\n<blockquote class=\"wp-embedded-content\" data-secret=\"toWzGtAtPL\"><p><a href=\"https:\/\/piquin-restaurant.fr\/blog\/a-la-une\/comment-calculer-les-glucides-dans-une-recette-guide-pratique-et-conseils\/\">Comment calculer les glucides dans une recette : Guide pratique et conseils<\/a><\/p><\/blockquote>\n<p><iframe loading=\"lazy\" class=\"wp-embedded-content\" sandbox=\"allow-scripts\" security=\"restricted\" style=\"position: absolute; visibility: hidden;\" title=\"\u00ab\u00a0Comment calculer les glucides dans une recette : Guide pratique et conseils\u00a0\u00bb &#8212; piquin-restaurant\" src=\"https:\/\/piquin-restaurant.fr\/blog\/a-la-une\/comment-calculer-les-glucides-dans-une-recette-guide-pratique-et-conseils\/embed\/#?secret=5DjuY7uAiE#?secret=toWzGtAtPL\" data-secret=\"toWzGtAtPL\" width=\"600\" height=\"338\" frameborder=\"0\" marginwidth=\"0\" marginheight=\"0\" scrolling=\"no\"><\/iframe><\/p>\n<p>Un abri de p\u00e2te, tendrement fa\u00e7onn\u00e9.<\/p>\n<\/blockquote>\n<p>Cette pr\u00e9sentation invite \u00e0 savourer la tarte non seulement par son go\u00fbt, mais aussi par l\u2019\u00e9motion qu\u2019elle suscite. Chaque bouch\u00e9e devient une strophe, chaque saveur, un mot charg\u00e9 de sens.<\/p>\n<h2>Les bienfaits de la po\u00e9sie en cuisine<\/h2>\n<p>Incorporer la po\u00e9sie dans la cuisine peut transformer l\u2019exp\u00e9rience culinaire. Cela stimule la cr\u00e9ativit\u00e9 et encourage une approche plus sensorielle de la gastronomie. Les chefs qui utilisent des mots po\u00e9tiques pour d\u00e9crire leurs plats cr\u00e9ent un lien \u00e9motionnel avec leurs convives.<\/p>\n<p>Lors de d\u00eeners, partager des po\u00e8mes li\u00e9s aux mets servis peut enrichir l&rsquo;exp\u00e9rience. Cela permet aux invit\u00e9s d\u2019appr\u00e9cier non seulement le go\u00fbt, mais aussi l\u2019histoire et l\u2019inspiration derri\u00e8re chaque plat.<\/p>\n<table>\n<tr>\n<th>Plat<\/th>\n<th>Ingr\u00e9dients cl\u00e9s<\/th>\n<th>\u00c9motion \u00e9voqu\u00e9e<\/th>\n<\/tr>\n<tr>\n<td>Tarte aux pommes<\/td>\n<td>Pommes, cannelle, p\u00e2te<\/td>\n<td>Douceur, nostalgie<\/td>\n<\/tr>\n<tr>\n<td>Soupe de potiron<\/td>\n<td>Potiron, cr\u00e8me, \u00e9pices<\/td>\n<td>Chaleur, r\u00e9confort<\/td>\n<\/tr>\n<tr>\n<td>Salade de fruits<\/td>\n<td>Fruits vari\u00e9s, miel<\/td>\n<td>Fra\u00eecheur, l\u00e9g\u00e8ret\u00e9<\/td>\n<\/tr>\n<\/table>\n<h2>Comment cr\u00e9er une recette po\u00e9tique<\/h2>\n<p>Pour concocter une recette po\u00e9tique, suivez ces \u00e9tapes :<\/p>\n<ul>\n<li><strong>Choisissez un plat<\/strong> qui vous inspire.<\/li>\n<li><strong>Identifiez<\/strong> les ingr\u00e9dients et leurs \u00e9motions.<\/li>\n<li><strong>Formulez<\/strong> des vers qui \u00e9voquent les sensations et l\u2019exp\u00e9rience.<\/li>\n<li><strong>Partagez<\/strong> votre cr\u00e9ation avec d&rsquo;autres pour enrichir leur exp\u00e9rience culinaire.<\/li>\n<\/ul>\n<h2>FAQ :<\/h2>\n<blockquote>\n<ul>\n<li><strong>Peut-on vraiment fusionner po\u00e9sie et cuisine ?<\/strong>Oui, cette fusion enrichit l&rsquo;exp\u00e9rience culinaire en ajoutant une dimension \u00e9motionnelle.<\/li>\n<li><strong>Comment utiliser la po\u00e9sie dans un d\u00eener ?<\/strong>Partagez des po\u00e8mes relatifs aux plats servis pour cr\u00e9er une atmosph\u00e8re unique.<\/li>\n<li><strong>Quels sont les b\u00e9n\u00e9fices de cette approche ?<\/strong>Elle stimule la cr\u00e9ativit\u00e9 et renforce le lien entre les convives.<\/li>\n<li><strong>Existe-t-il des chefs connus pour cela ?<\/strong>De nombreux chefs, comme Alain Passard, int\u00e8grent la po\u00e9sie dans leur art culinaire.<\/li>\n<\/ul>\n<\/blockquote>\n<h2>Conclusion<\/h2>\n<p>La po\u00e9sie et la cuisine, bien que diff\u00e9rentes, s\u2019entrelacent d\u2019une mani\u00e8re fascinante. En transformant des recettes en po\u00e8mes, nous pouvons appr\u00e9cier chaque plat sous un nouvel angle. Laissez-vous inspirer par cette harmonie et osez cr\u00e9er vos propres \u0153uvres culinaires po\u00e9tiques.<\/p>\n","protected":false},"excerpt":{"rendered":"","protected":false},"author":34,"featured_media":9916,"comment_status":"open","ping_status":"open","sticky":false,"template":"","format":"standard","meta":{"_acf_changed":false,"manual_indexmenow":false,"indexmenow_id_project":0,"footnotes":""},"categories":[1],"tags":[2608,3559,3800,2205,6118,2773],"class_list":["post-8797","post","type-post","status-publish","format-standard","has-post-thumbnail","hentry","category-a-la-une","tag-creativite","tag-cuisine","tag-emotions","tag-gastronomie","tag-poesie","tag-recettes","generate-columns","tablet-grid-50","mobile-grid-100","grid-parent","grid-25"],"acf":[],"yoast_head":"<!-- This site is optimized with the Yoast SEO Premium plugin v21.3 (Yoast SEO v26.5) - https:\/\/yoast.com\/wordpress\/plugins\/seo\/ -->\n<title>Poesie et Recette : Un Voyage Culinaire en Vers et en Saveurs<\/title>\n<meta name=\"description\" content=\"Introduction Elles \u00e9voquent des \u00e9motions, racontent des histoires et c\u00e9l\u00e8brent la beaut\u00e9 du quotidien. Dans cet article, nous allons explorer comment la\" \/>\n<meta name=\"robots\" content=\"index, follow, max-snippet:-1, max-image-preview:large, max-video-preview:-1\" \/>\n<link rel=\"canonical\" href=\"https:\/\/piquin-restaurant.fr\/blog\/a-la-une\/poesie-et-recette-un-voyage-culinaire-en-vers-et-en-saveurs\/\" \/>\n<meta property=\"og:locale\" content=\"fr_FR\" \/>\n<meta property=\"og:type\" content=\"article\" \/>\n<meta property=\"og:title\" content=\"Poesie et Recette : Un Voyage Culinaire en Vers et en Saveurs\" \/>\n<meta property=\"og:description\" content=\"Introduction Elles \u00e9voquent des \u00e9motions, racontent des histoires et c\u00e9l\u00e8brent la beaut\u00e9 du quotidien. Dans cet article, nous allons explorer comment la\" \/>\n<meta property=\"og:url\" content=\"https:\/\/piquin-restaurant.fr\/blog\/a-la-une\/poesie-et-recette-un-voyage-culinaire-en-vers-et-en-saveurs\/\" \/>\n<meta property=\"og:site_name\" content=\"piquin-restaurant\" \/>\n<meta name=\"author\" content=\"Laura Gauthereau\" \/>\n<meta name=\"twitter:card\" content=\"summary_large_image\" \/>\n<script type=\"application\/ld+json\" class=\"yoast-schema-graph\">{\"@context\":\"https:\/\/schema.org\",\"@graph\":[{\"@type\":\"NewsArticle\",\"@id\":\"https:\/\/piquin-restaurant.fr\/blog\/a-la-une\/poesie-et-recette-un-voyage-culinaire-en-vers-et-en-saveurs\/#article\",\"isPartOf\":{\"@id\":\"https:\/\/piquin-restaurant.fr\/blog\/a-la-une\/poesie-et-recette-un-voyage-culinaire-en-vers-et-en-saveurs\/\"},\"author\":{\"name\":\"Laura Gauthereau\",\"@id\":\"https:\/\/piquin-restaurant.fr\/blog\/#\/schema\/person\/3c864cdc320801e3db34b663e7e3f816\"},\"headline\":\"Poesie et Recette : Un Voyage Culinaire en Vers et en Saveurs\",\"datePublished\":\"2025-04-02T15:55:00+00:00\",\"mainEntityOfPage\":{\"@id\":\"https:\/\/piquin-restaurant.fr\/blog\/a-la-une\/poesie-et-recette-un-voyage-culinaire-en-vers-et-en-saveurs\/\"},\"wordCount\":598,\"commentCount\":16,\"publisher\":{\"@id\":\"https:\/\/piquin-restaurant.fr\/blog\/#organization\"},\"image\":{\"@id\":\"https:\/\/piquin-restaurant.fr\/blog\/a-la-une\/poesie-et-recette-un-voyage-culinaire-en-vers-et-en-saveurs\/#primaryimage\"},\"thumbnailUrl\":\"https:\/\/piquin-restaurant.fr\/blog\/wp-content\/uploads\/2025\/04\/sdxl-dcdbe1db98a50408b9c17c0a73a2bc6e.png\",\"keywords\":[\"Creativit\u00e9\",\"Cuisine\",\"\u00c9motions\",\"Gastronomie\",\"Po\u00e9sie\",\"Recettes\"],\"articleSection\":[\"\u00c0 la une\"],\"inLanguage\":\"fr-FR\",\"potentialAction\":[{\"@type\":\"CommentAction\",\"name\":\"Comment\",\"target\":[\"https:\/\/piquin-restaurant.fr\/blog\/a-la-une\/poesie-et-recette-un-voyage-culinaire-en-vers-et-en-saveurs\/#respond\"]}]},{\"@type\":\"WebPage\",\"@id\":\"https:\/\/piquin-restaurant.fr\/blog\/a-la-une\/poesie-et-recette-un-voyage-culinaire-en-vers-et-en-saveurs\/\",\"url\":\"https:\/\/piquin-restaurant.fr\/blog\/a-la-une\/poesie-et-recette-un-voyage-culinaire-en-vers-et-en-saveurs\/\",\"name\":\"Poesie et Recette : Un Voyage Culinaire en Vers et en Saveurs\",\"isPartOf\":{\"@id\":\"https:\/\/piquin-restaurant.fr\/blog\/#website\"},\"primaryImageOfPage\":{\"@id\":\"https:\/\/piquin-restaurant.fr\/blog\/a-la-une\/poesie-et-recette-un-voyage-culinaire-en-vers-et-en-saveurs\/#primaryimage\"},\"image\":{\"@id\":\"https:\/\/piquin-restaurant.fr\/blog\/a-la-une\/poesie-et-recette-un-voyage-culinaire-en-vers-et-en-saveurs\/#primaryimage\"},\"thumbnailUrl\":\"https:\/\/piquin-restaurant.fr\/blog\/wp-content\/uploads\/2025\/04\/sdxl-dcdbe1db98a50408b9c17c0a73a2bc6e.png\",\"datePublished\":\"2025-04-02T15:55:00+00:00\",\"description\":\"Introduction Elles \u00e9voquent des \u00e9motions, racontent des histoires et c\u00e9l\u00e8brent la beaut\u00e9 du quotidien. Dans cet article, nous allons explorer comment la\",\"inLanguage\":\"fr-FR\",\"potentialAction\":[{\"@type\":\"ReadAction\",\"target\":[\"https:\/\/piquin-restaurant.fr\/blog\/a-la-une\/poesie-et-recette-un-voyage-culinaire-en-vers-et-en-saveurs\/\"]}]},{\"@type\":\"ImageObject\",\"inLanguage\":\"fr-FR\",\"@id\":\"https:\/\/piquin-restaurant.fr\/blog\/a-la-une\/poesie-et-recette-un-voyage-culinaire-en-vers-et-en-saveurs\/#primaryimage\",\"url\":\"https:\/\/piquin-restaurant.fr\/blog\/wp-content\/uploads\/2025\/04\/sdxl-dcdbe1db98a50408b9c17c0a73a2bc6e.png\",\"contentUrl\":\"https:\/\/piquin-restaurant.fr\/blog\/wp-content\/uploads\/2025\/04\/sdxl-dcdbe1db98a50408b9c17c0a73a2bc6e.png\",\"width\":1536,\"height\":640},{\"@type\":\"WebSite\",\"@id\":\"https:\/\/piquin-restaurant.fr\/blog\/#website\",\"url\":\"https:\/\/piquin-restaurant.fr\/blog\/\",\"name\":\"Piquin Magazine\",\"description\":\"Votre destination gourmande.\",\"publisher\":{\"@id\":\"https:\/\/piquin-restaurant.fr\/blog\/#organization\"},\"alternateName\":\"Votre destination gourmande.\",\"potentialAction\":[{\"@type\":\"SearchAction\",\"target\":{\"@type\":\"EntryPoint\",\"urlTemplate\":\"https:\/\/piquin-restaurant.fr\/blog\/?s={search_term_string}\"},\"query-input\":{\"@type\":\"PropertyValueSpecification\",\"valueRequired\":true,\"valueName\":\"search_term_string\"}}],\"inLanguage\":\"fr-FR\"},{\"@type\":\"Organization\",\"@id\":\"https:\/\/piquin-restaurant.fr\/blog\/#organization\",\"name\":\"Piquin Magazine\",\"alternateName\":\"Piquin\",\"url\":\"https:\/\/piquin-restaurant.fr\/blog\/\",\"logo\":{\"@type\":\"ImageObject\",\"inLanguage\":\"fr-FR\",\"@id\":\"https:\/\/piquin-restaurant.fr\/blog\/#\/schema\/logo\/image\/\",\"url\":\"https:\/\/piquin-restaurant.fr\/blog\/wp-content\/uploads\/2026\/07\/logo-auto.png\",\"contentUrl\":\"https:\/\/piquin-restaurant.fr\/blog\/wp-content\/uploads\/2026\/07\/logo-auto.png\",\"width\":1024,\"height\":1024,\"caption\":\"Piquin Magazine\"},\"image\":{\"@id\":\"https:\/\/piquin-restaurant.fr\/blog\/#\/schema\/logo\/image\/\"}},{\"@type\":\"Person\",\"@id\":\"https:\/\/piquin-restaurant.fr\/blog\/#\/schema\/person\/3c864cdc320801e3db34b663e7e3f816\",\"name\":\"Laura Gauthereau\",\"image\":{\"@type\":\"ImageObject\",\"inLanguage\":\"fr-FR\",\"@id\":\"https:\/\/piquin-restaurant.fr\/blog\/#\/schema\/person\/image\/\",\"url\":\"https:\/\/piquin-restaurant.fr\/blog\/wp-content\/uploads\/2026\/06\/persona_laura-g-96x96.jpg\",\"contentUrl\":\"https:\/\/piquin-restaurant.fr\/blog\/wp-content\/uploads\/2026\/06\/persona_laura-g-96x96.jpg\",\"caption\":\"Laura Gauthereau\"},\"description\":\"La cuisine est ma passion devenue m\u00e9tier : je r\u00e9dige sur la gastronomie, les recettes et l'art de bien manger depuis une dizaine d'ann\u00e9es. J'explore aussi bien la cuisine du quotidien que des univers plus pointus \u2014 le barbecue ma\u00eetris\u00e9, les saveurs de rue revisit\u00e9es, la p\u00e2tisserie ou la d\u00e9couverte des bonnes tables. J'aime expliquer le pourquoi d'une technique autant que le comment : pourquoi saisir, pourquoi laisser reposer, pourquoi cette association de go\u00fbts fonctionne. Avant de publier une recette, je la teste, j'ajuste les quantit\u00e9s et les temps de cuisson, et je propose des alternatives selon les r\u00e9gimes et les budgets. Je me m\u00e9fie des tendances qui ne tiennent pas en bouche. Mon angle : donner envie de cuisiner en rendant les choses accessibles, du d\u00e9butant intimid\u00e9 au gourmand qui veut progresser. Le plaisir reste mon premier crit\u00e8re, devant la performance.\",\"sameAs\":[\"https:\/\/lauragauthereau.fr\/\"],\"url\":\"https:\/\/piquin-restaurant.fr\/blog\/auteur\/noname\/\"}]}<\/script>\n<!-- \/ Yoast SEO Premium plugin. -->","yoast_head_json":{"title":"Poesie et Recette : Un Voyage Culinaire en Vers et en Saveurs","description":"Introduction Elles \u00e9voquent des \u00e9motions, racontent des histoires et c\u00e9l\u00e8brent la beaut\u00e9 du quotidien. Dans cet article, nous allons explorer comment la","robots":{"index":"index","follow":"follow","max-snippet":"max-snippet:-1","max-image-preview":"max-image-preview:large","max-video-preview":"max-video-preview:-1"},"canonical":"https:\/\/piquin-restaurant.fr\/blog\/a-la-une\/poesie-et-recette-un-voyage-culinaire-en-vers-et-en-saveurs\/","og_locale":"fr_FR","og_type":"article","og_title":"Poesie et Recette : Un Voyage Culinaire en Vers et en Saveurs","og_description":"Introduction Elles \u00e9voquent des \u00e9motions, racontent des histoires et c\u00e9l\u00e8brent la beaut\u00e9 du quotidien. Dans cet article, nous allons explorer comment la","og_url":"https:\/\/piquin-restaurant.fr\/blog\/a-la-une\/poesie-et-recette-un-voyage-culinaire-en-vers-et-en-saveurs\/","og_site_name":"piquin-restaurant","author":"Laura Gauthereau","twitter_card":"summary_large_image","schema":{"@context":"https:\/\/schema.org","@graph":[{"@type":"NewsArticle","@id":"https:\/\/piquin-restaurant.fr\/blog\/a-la-une\/poesie-et-recette-un-voyage-culinaire-en-vers-et-en-saveurs\/#article","isPartOf":{"@id":"https:\/\/piquin-restaurant.fr\/blog\/a-la-une\/poesie-et-recette-un-voyage-culinaire-en-vers-et-en-saveurs\/"},"author":{"name":"Laura Gauthereau","@id":"https:\/\/piquin-restaurant.fr\/blog\/#\/schema\/person\/3c864cdc320801e3db34b663e7e3f816"},"headline":"Poesie et Recette : Un Voyage Culinaire en Vers et en Saveurs","datePublished":"2025-04-02T15:55:00+00:00","mainEntityOfPage":{"@id":"https:\/\/piquin-restaurant.fr\/blog\/a-la-une\/poesie-et-recette-un-voyage-culinaire-en-vers-et-en-saveurs\/"},"wordCount":598,"commentCount":16,"publisher":{"@id":"https:\/\/piquin-restaurant.fr\/blog\/#organization"},"image":{"@id":"https:\/\/piquin-restaurant.fr\/blog\/a-la-une\/poesie-et-recette-un-voyage-culinaire-en-vers-et-en-saveurs\/#primaryimage"},"thumbnailUrl":"https:\/\/piquin-restaurant.fr\/blog\/wp-content\/uploads\/2025\/04\/sdxl-dcdbe1db98a50408b9c17c0a73a2bc6e.png","keywords":["Creativit\u00e9","Cuisine","\u00c9motions","Gastronomie","Po\u00e9sie","Recettes"],"articleSection":["\u00c0 la une"],"inLanguage":"fr-FR","potentialAction":[{"@type":"CommentAction","name":"Comment","target":["https:\/\/piquin-restaurant.fr\/blog\/a-la-une\/poesie-et-recette-un-voyage-culinaire-en-vers-et-en-saveurs\/#respond"]}]},{"@type":"WebPage","@id":"https:\/\/piquin-restaurant.fr\/blog\/a-la-une\/poesie-et-recette-un-voyage-culinaire-en-vers-et-en-saveurs\/","url":"https:\/\/piquin-restaurant.fr\/blog\/a-la-une\/poesie-et-recette-un-voyage-culinaire-en-vers-et-en-saveurs\/","name":"Poesie et Recette : Un Voyage Culinaire en Vers et en Saveurs","isPartOf":{"@id":"https:\/\/piquin-restaurant.fr\/blog\/#website"},"primaryImageOfPage":{"@id":"https:\/\/piquin-restaurant.fr\/blog\/a-la-une\/poesie-et-recette-un-voyage-culinaire-en-vers-et-en-saveurs\/#primaryimage"},"image":{"@id":"https:\/\/piquin-restaurant.fr\/blog\/a-la-une\/poesie-et-recette-un-voyage-culinaire-en-vers-et-en-saveurs\/#primaryimage"},"thumbnailUrl":"https:\/\/piquin-restaurant.fr\/blog\/wp-content\/uploads\/2025\/04\/sdxl-dcdbe1db98a50408b9c17c0a73a2bc6e.png","datePublished":"2025-04-02T15:55:00+00:00","description":"Introduction Elles \u00e9voquent des \u00e9motions, racontent des histoires et c\u00e9l\u00e8brent la beaut\u00e9 du quotidien. Dans cet article, nous allons explorer comment la","inLanguage":"fr-FR","potentialAction":[{"@type":"ReadAction","target":["https:\/\/piquin-restaurant.fr\/blog\/a-la-une\/poesie-et-recette-un-voyage-culinaire-en-vers-et-en-saveurs\/"]}]},{"@type":"ImageObject","inLanguage":"fr-FR","@id":"https:\/\/piquin-restaurant.fr\/blog\/a-la-une\/poesie-et-recette-un-voyage-culinaire-en-vers-et-en-saveurs\/#primaryimage","url":"https:\/\/piquin-restaurant.fr\/blog\/wp-content\/uploads\/2025\/04\/sdxl-dcdbe1db98a50408b9c17c0a73a2bc6e.png","contentUrl":"https:\/\/piquin-restaurant.fr\/blog\/wp-content\/uploads\/2025\/04\/sdxl-dcdbe1db98a50408b9c17c0a73a2bc6e.png","width":1536,"height":640},{"@type":"WebSite","@id":"https:\/\/piquin-restaurant.fr\/blog\/#website","url":"https:\/\/piquin-restaurant.fr\/blog\/","name":"Piquin Magazine","description":"Votre destination gourmande.","publisher":{"@id":"https:\/\/piquin-restaurant.fr\/blog\/#organization"},"alternateName":"Votre destination gourmande.","potentialAction":[{"@type":"SearchAction","target":{"@type":"EntryPoint","urlTemplate":"https:\/\/piquin-restaurant.fr\/blog\/?s={search_term_string}"},"query-input":{"@type":"PropertyValueSpecification","valueRequired":true,"valueName":"search_term_string"}}],"inLanguage":"fr-FR"},{"@type":"Organization","@id":"https:\/\/piquin-restaurant.fr\/blog\/#organization","name":"Piquin Magazine","alternateName":"Piquin","url":"https:\/\/piquin-restaurant.fr\/blog\/","logo":{"@type":"ImageObject","inLanguage":"fr-FR","@id":"https:\/\/piquin-restaurant.fr\/blog\/#\/schema\/logo\/image\/","url":"https:\/\/piquin-restaurant.fr\/blog\/wp-content\/uploads\/2026\/07\/logo-auto.png","contentUrl":"https:\/\/piquin-restaurant.fr\/blog\/wp-content\/uploads\/2026\/07\/logo-auto.png","width":1024,"height":1024,"caption":"Piquin Magazine"},"image":{"@id":"https:\/\/piquin-restaurant.fr\/blog\/#\/schema\/logo\/image\/"}},{"@type":"Person","@id":"https:\/\/piquin-restaurant.fr\/blog\/#\/schema\/person\/3c864cdc320801e3db34b663e7e3f816","name":"Laura Gauthereau","image":{"@type":"ImageObject","inLanguage":"fr-FR","@id":"https:\/\/piquin-restaurant.fr\/blog\/#\/schema\/person\/image\/","url":"https:\/\/piquin-restaurant.fr\/blog\/wp-content\/uploads\/2026\/06\/persona_laura-g-96x96.jpg","contentUrl":"https:\/\/piquin-restaurant.fr\/blog\/wp-content\/uploads\/2026\/06\/persona_laura-g-96x96.jpg","caption":"Laura Gauthereau"},"description":"La cuisine est ma passion devenue m\u00e9tier : je r\u00e9dige sur la gastronomie, les recettes et l'art de bien manger depuis une dizaine d'ann\u00e9es. J'explore aussi bien la cuisine du quotidien que des univers plus pointus \u2014 le barbecue ma\u00eetris\u00e9, les saveurs de rue revisit\u00e9es, la p\u00e2tisserie ou la d\u00e9couverte des bonnes tables. J'aime expliquer le pourquoi d'une technique autant que le comment : pourquoi saisir, pourquoi laisser reposer, pourquoi cette association de go\u00fbts fonctionne. Avant de publier une recette, je la teste, j'ajuste les quantit\u00e9s et les temps de cuisson, et je propose des alternatives selon les r\u00e9gimes et les budgets. Je me m\u00e9fie des tendances qui ne tiennent pas en bouche. Mon angle : donner envie de cuisiner en rendant les choses accessibles, du d\u00e9butant intimid\u00e9 au gourmand qui veut progresser. Le plaisir reste mon premier crit\u00e8re, devant la performance.","sameAs":["https:\/\/lauragauthereau.fr\/"],"url":"https:\/\/piquin-restaurant.fr\/blog\/auteur\/noname\/"}]}},"_links":{"self":[{"href":"https:\/\/piquin-restaurant.fr\/blog\/wp-json\/wp\/v2\/posts\/8797","targetHints":{"allow":["GET"]}}],"collection":[{"href":"https:\/\/piquin-restaurant.fr\/blog\/wp-json\/wp\/v2\/posts"}],"about":[{"href":"https:\/\/piquin-restaurant.fr\/blog\/wp-json\/wp\/v2\/types\/post"}],"author":[{"embeddable":true,"href":"https:\/\/piquin-restaurant.fr\/blog\/wp-json\/wp\/v2\/users\/34"}],"replies":[{"embeddable":true,"href":"https:\/\/piquin-restaurant.fr\/blog\/wp-json\/wp\/v2\/comments?post=8797"}],"version-history":[{"count":1,"href":"https:\/\/piquin-restaurant.fr\/blog\/wp-json\/wp\/v2\/posts\/8797\/revisions"}],"predecessor-version":[{"id":9778,"href":"https:\/\/piquin-restaurant.fr\/blog\/wp-json\/wp\/v2\/posts\/8797\/revisions\/9778"}],"wp:featuredmedia":[{"embeddable":true,"href":"https:\/\/piquin-restaurant.fr\/blog\/wp-json\/wp\/v2\/media\/9916"}],"wp:attachment":[{"href":"https:\/\/piquin-restaurant.fr\/blog\/wp-json\/wp\/v2\/media?parent=8797"}],"wp:term":[{"taxonomy":"category","embeddable":true,"href":"https:\/\/piquin-restaurant.fr\/blog\/wp-json\/wp\/v2\/categories?post=8797"},{"taxonomy":"post_tag","embeddable":true,"href":"https:\/\/piquin-restaurant.fr\/blog\/wp-json\/wp\/v2\/tags?post=8797"}],"curies":[{"name":"wp","href":"https:\/\/api.w.org\/{rel}","templated":true}]}}