{"id":8965,"date":"2025-05-08T17:15:00","date_gmt":"2025-05-08T15:15:00","guid":{"rendered":"https:\/\/piquin-restaurant.fr\/blog\/?p=8965"},"modified":"2025-02-10T18:40:25","modified_gmt":"2025-02-10T17:40:25","slug":"decouvrez-la-recette-des-vers-de-farine-un-delice-nutritif-et-durable","status":"publish","type":"post","link":"https:\/\/piquin-restaurant.fr\/blog\/a-la-une\/decouvrez-la-recette-des-vers-de-farine-un-delice-nutritif-et-durable\/","title":{"rendered":"D\u00e9couvrez la recette des vers de farine : un d\u00e9lice nutritif et durable"},"content":{"rendered":"<h2>Introduction : un ingr\u00e9dient surprenant<\/h2>\n<p>Avec une prise de conscience croissante sur l&rsquo;impact environnemental de notre alimentation, ces petites cr\u00e9atures s&rsquo;imposent comme une alternative durable et nutritive. En int\u00e9grant les vers de farine dans votre alimentation, vous participez \u00e0 une d\u00e9marche \u00e9coresponsable tout en d\u00e9couvrant de nouvelles saveurs.<\/p>\n<h2>Les avantages nutritionnels des vers de farine<\/h2>\n<p>Les vers de farine ne se contentent pas d&rsquo;\u00eatre une source de prot\u00e9ines ; ils apportent \u00e9galement une multitude de bienfaits pour la sant\u00e9. En voici quelques-uns :<\/p>\n<blockquote class=\"wp-embedded-content\" data-secret=\"y0mKbLoijh\"><p><a href=\"https:\/\/piquin-restaurant.fr\/blog\/a-la-une\/recette-de-cidre-de-feu-un-delice-a-decouvrir-pour-vos-soirees\/\">Recette de cidre de feu : un d\u00e9lice \u00e0 d\u00e9couvrir pour vos soir\u00e9es<\/a><\/p><\/blockquote>\n<p><iframe loading=\"lazy\" class=\"wp-embedded-content\" sandbox=\"allow-scripts\" security=\"restricted\" style=\"position: absolute; visibility: hidden;\" title=\"\u00ab\u00a0Recette de cidre de feu : un d\u00e9lice \u00e0 d\u00e9couvrir pour vos soir\u00e9es\u00a0\u00bb &#8212; piquin-restaurant\" src=\"https:\/\/piquin-restaurant.fr\/blog\/a-la-une\/recette-de-cidre-de-feu-un-delice-a-decouvrir-pour-vos-soirees\/embed\/#?secret=6LtDhVVqvL#?secret=y0mKbLoijh\" data-secret=\"y0mKbLoijh\" width=\"600\" height=\"338\" frameborder=\"0\" marginwidth=\"0\" marginheight=\"0\" scrolling=\"no\"><\/iframe><\/p>\n<ul>\n<li><strong>Riche en prot\u00e9ines :<\/strong> Les vers de farine contiennent jusqu&rsquo;\u00e0 60% de leur poids en prot\u00e9ines, ce qui en fait une excellente source pour les r\u00e9gimes v\u00e9g\u00e9tariens et v\u00e9ganes.<\/li>\n<li><strong>Source d&rsquo;acides gras :<\/strong> Ils sont \u00e9galement riches en acides gras essentiels, particuli\u00e8rement om\u00e9ga-3 et om\u00e9ga-6, b\u00e9n\u00e9fiques pour la sant\u00e9 cardiovasculaire.<\/li>\n<li><strong>Vitamines et min\u00e9raux :<\/strong> Les vers de farine fournissent des vitamines (B12, D) et des min\u00e9raux (fer, calcium), essentiels pour une alimentation \u00e9quilibr\u00e9e.<\/li>\n<\/ul>\n<h3>Tableau r\u00e9capitulatif des nutriments<\/h3>\n<table>\n<tr>\n<th>Nutriment<\/th>\n<th>Quantit\u00e9 (pour 100g)<\/th>\n<th>Pourcentage des Apports Journaliers Recommand\u00e9s<\/th>\n<\/tr>\n<tr>\n<td>Prot\u00e9ines<\/td>\n<td>60 g<\/td>\n<td>120%<\/td>\n<\/tr>\n<tr>\n<td>Acides gras om\u00e9ga-3<\/td>\n<td>1.5 g<\/td>\n<td>90%<\/td>\n<\/tr>\n<tr>\n<td>Calcium<\/td>\n<td>200 mg<\/td>\n<td>20%<\/td>\n<\/tr>\n<\/table>\n<h2>Comment cuisiner les vers de farine ?<\/h2>\n<p>Incorporer les vers de farine dans vos plats est plus simple qu&rsquo;il n&rsquo;y para\u00eet. Voici une recette facile pour commencer :<\/p>\n<h3>Recette : tacos aux vers de farine<\/h3>\n<p><strong>Ingr\u00e9dients :<\/strong><\/p>\n<ul>\n<li>100 g de vers de farine<\/li>\n<li>2 tortillas de ma\u00efs<\/li>\n<li>1 avocat<\/li>\n<li>1 tomate<\/li>\n<li>Coriandre fra\u00eeche<\/li>\n<li>Sel et poivre au go\u00fbt<\/li>\n<\/ul>\n<p><strong>Instructions :<\/strong><\/p>\n<blockquote class=\"wp-embedded-content\" data-secret=\"rWegBnAxIY\"><p><a href=\"https:\/\/piquin-restaurant.fr\/blog\/a-la-une\/comment-calculer-les-glucides-dans-une-recette-guide-pratique-et-conseils\/\">Comment calculer les glucides dans une recette : Guide pratique et conseils<\/a><\/p><\/blockquote>\n<p><iframe loading=\"lazy\" class=\"wp-embedded-content\" sandbox=\"allow-scripts\" security=\"restricted\" style=\"position: absolute; visibility: hidden;\" title=\"\u00ab\u00a0Comment calculer les glucides dans une recette : Guide pratique et conseils\u00a0\u00bb &#8212; piquin-restaurant\" src=\"https:\/\/piquin-restaurant.fr\/blog\/a-la-une\/comment-calculer-les-glucides-dans-une-recette-guide-pratique-et-conseils\/embed\/#?secret=LwTDSrMUbF#?secret=rWegBnAxIY\" data-secret=\"rWegBnAxIY\" width=\"600\" height=\"338\" frameborder=\"0\" marginwidth=\"0\" marginheight=\"0\" scrolling=\"no\"><\/iframe><\/p>\n<li>Faites revenir les vers de farine dans une po\u00eale \u00e0 feu moyen pendant 5 minutes pour les croustillants.<\/li>\n<li>Dans une autre po\u00eale, chauffez les tortillas.<\/li>\n<li>\u00c9crasez l&rsquo;avocat et \u00e9talez-le sur les tortillas.<\/li>\n<li>Ajoutez les vers de farine, la tomate coup\u00e9e en d\u00e9s, la coriandre, le sel et le poivre.<\/li>\n<li>Plierez les tortillas et servez chaud.<\/li>\n<p>Ce plat simple et rapide vous permet de d\u00e9couvrir les vers de farine tout en vous r\u00e9galant.<\/p>\n<h2>Impact environnemental des vers de farine<\/h2>\n<p>Choisir les vers de farine comme source de prot\u00e9ines peut r\u00e9duire consid\u00e9rablement notre empreinte \u00e9cologique. En effet, leur \u00e9levage n\u00e9cessite moins d&rsquo;eau et d&rsquo;espace que celui des animaux traditionnels comme les bovins ou les porcs. De plus, les vers de farine se nourrissent de d\u00e9chets organiques, contribuant ainsi \u00e0 la r\u00e9duction des d\u00e9chets alimentaires.<\/p>\n<blockquote><p>\u00ab L&rsquo;\u00e9levage des insectes pourrait jouer un r\u00f4le majeur dans la durabilit\u00e9 alimentaire du futur. \u00bb &#8211; Un rapport de la FAO<\/p><\/blockquote>\n<h3>FAQ :<\/h3>\n<blockquote>\n<ul>\n<li><strong>Les vers de farine sont-ils s\u00fbrs \u00e0 consommer ?<\/strong>Oui, ils sont comestibles et largement utilis\u00e9s dans de nombreux pays.<\/li>\n<li><strong>Comment les conserver ?<\/strong>Gardez-les dans un endroit frais et sec. Vous pouvez \u00e9galement les congeler pour une utilisation future.<\/li>\n<li><strong>Peut-on les acheter en magasin ?<\/strong>Oui, de nombreux magasins bio ou en ligne proposent des vers de farine pr\u00eats \u00e0 cuisiner.<\/li>\n<li><strong>Ont-ils un go\u00fbt particulier ?<\/strong>Ils ont une saveur neutre, ce qui les rend faciles \u00e0 int\u00e9grer dans divers plats.<\/li>\n<\/ul>\n<\/blockquote>\n<p>En somme, les vers de farine repr\u00e9sentent une alternative alimentaire innovante, b\u00e9n\u00e9fique pour la sant\u00e9 et l&rsquo;environnement. Adopter ces petites cr\u00e9atures dans votre alimentation pourrait transformer votre approche de la cuisine tout en contribuant \u00e0 un avenir plus durable.<\/p>\n","protected":false},"excerpt":{"rendered":"","protected":false},"author":34,"featured_media":10693,"comment_status":"open","ping_status":"open","sticky":false,"template":"","format":"standard","meta":{"_acf_changed":false,"manual_indexmenow":false,"indexmenow_id_project":0,"footnotes":""},"categories":[1],"tags":[4431,4687,2403,2903,2769,6339],"class_list":["post-8965","post","type-post","status-publish","format-standard","has-post-thumbnail","hentry","category-a-la-une","tag-ecoresponsable","tag-impact-environnemental","tag-nutrition","tag-proteines","tag-recette","tag-vers-de-farine","generate-columns","tablet-grid-50","mobile-grid-100","grid-parent","grid-25"],"acf":[],"yoast_head":"<!-- This site is optimized with the Yoast SEO Premium plugin v21.3 (Yoast SEO v26.5) - https:\/\/yoast.com\/wordpress\/plugins\/seo\/ -->\n<title>D\u00e9couvrez la recette des vers de farine : un d\u00e9lice nutritif et durable<\/title>\n<meta name=\"description\" content=\"Introduction : un ingr\u00e9dient surprenant Avec une prise de conscience croissante sur l&#039;impact environnemental de notre alimentation, ces petites cr\u00e9atures\" \/>\n<meta name=\"robots\" content=\"index, follow, max-snippet:-1, max-image-preview:large, max-video-preview:-1\" \/>\n<link rel=\"canonical\" href=\"https:\/\/piquin-restaurant.fr\/blog\/a-la-une\/decouvrez-la-recette-des-vers-de-farine-un-delice-nutritif-et-durable\/\" \/>\n<meta property=\"og:locale\" content=\"fr_FR\" \/>\n<meta property=\"og:type\" content=\"article\" \/>\n<meta property=\"og:title\" content=\"D\u00e9couvrez la recette des vers de farine : un d\u00e9lice nutritif et durable\" \/>\n<meta property=\"og:description\" content=\"Introduction : un ingr\u00e9dient surprenant Avec une prise de conscience croissante sur l&#039;impact environnemental de notre alimentation, ces petites cr\u00e9atures\" \/>\n<meta property=\"og:url\" content=\"https:\/\/piquin-restaurant.fr\/blog\/a-la-une\/decouvrez-la-recette-des-vers-de-farine-un-delice-nutritif-et-durable\/\" \/>\n<meta property=\"og:site_name\" content=\"piquin-restaurant\" \/>\n<meta name=\"author\" content=\"Laura Gauthereau\" \/>\n<meta name=\"twitter:card\" content=\"summary_large_image\" \/>\n<script type=\"application\/ld+json\" class=\"yoast-schema-graph\">{\"@context\":\"https:\/\/schema.org\",\"@graph\":[{\"@type\":\"NewsArticle\",\"@id\":\"https:\/\/piquin-restaurant.fr\/blog\/a-la-une\/decouvrez-la-recette-des-vers-de-farine-un-delice-nutritif-et-durable\/#article\",\"isPartOf\":{\"@id\":\"https:\/\/piquin-restaurant.fr\/blog\/a-la-une\/decouvrez-la-recette-des-vers-de-farine-un-delice-nutritif-et-durable\/\"},\"author\":{\"name\":\"Laura Gauthereau\",\"@id\":\"https:\/\/piquin-restaurant.fr\/blog\/#\/schema\/person\/3c864cdc320801e3db34b663e7e3f816\"},\"headline\":\"D\u00e9couvrez la recette des vers de farine : un d\u00e9lice nutritif et durable\",\"datePublished\":\"2025-05-08T15:15:00+00:00\",\"mainEntityOfPage\":{\"@id\":\"https:\/\/piquin-restaurant.fr\/blog\/a-la-une\/decouvrez-la-recette-des-vers-de-farine-un-delice-nutritif-et-durable\/\"},\"wordCount\":572,\"commentCount\":24,\"publisher\":{\"@id\":\"https:\/\/piquin-restaurant.fr\/blog\/#organization\"},\"image\":{\"@id\":\"https:\/\/piquin-restaurant.fr\/blog\/a-la-une\/decouvrez-la-recette-des-vers-de-farine-un-delice-nutritif-et-durable\/#primaryimage\"},\"thumbnailUrl\":\"https:\/\/piquin-restaurant.fr\/blog\/wp-content\/uploads\/2025\/05\/sdxl-2293b82368957f6ab302ba1ba09e62ad-scaled.png\",\"keywords\":[\"\u00c9coresponsable\",\"Impact Environnemental\",\"Nutrition\",\"Prot\u00e9ines\",\"Recette\",\"Vers de Farine\"],\"articleSection\":[\"\u00c0 la une\"],\"inLanguage\":\"fr-FR\",\"potentialAction\":[{\"@type\":\"CommentAction\",\"name\":\"Comment\",\"target\":[\"https:\/\/piquin-restaurant.fr\/blog\/a-la-une\/decouvrez-la-recette-des-vers-de-farine-un-delice-nutritif-et-durable\/#respond\"]}]},{\"@type\":\"WebPage\",\"@id\":\"https:\/\/piquin-restaurant.fr\/blog\/a-la-une\/decouvrez-la-recette-des-vers-de-farine-un-delice-nutritif-et-durable\/\",\"url\":\"https:\/\/piquin-restaurant.fr\/blog\/a-la-une\/decouvrez-la-recette-des-vers-de-farine-un-delice-nutritif-et-durable\/\",\"name\":\"D\u00e9couvrez la recette des vers de farine : un d\u00e9lice nutritif et durable\",\"isPartOf\":{\"@id\":\"https:\/\/piquin-restaurant.fr\/blog\/#website\"},\"primaryImageOfPage\":{\"@id\":\"https:\/\/piquin-restaurant.fr\/blog\/a-la-une\/decouvrez-la-recette-des-vers-de-farine-un-delice-nutritif-et-durable\/#primaryimage\"},\"image\":{\"@id\":\"https:\/\/piquin-restaurant.fr\/blog\/a-la-une\/decouvrez-la-recette-des-vers-de-farine-un-delice-nutritif-et-durable\/#primaryimage\"},\"thumbnailUrl\":\"https:\/\/piquin-restaurant.fr\/blog\/wp-content\/uploads\/2025\/05\/sdxl-2293b82368957f6ab302ba1ba09e62ad-scaled.png\",\"datePublished\":\"2025-05-08T15:15:00+00:00\",\"description\":\"Introduction : un ingr\u00e9dient surprenant Avec une prise de conscience croissante sur l'impact environnemental de notre alimentation, ces petites cr\u00e9atures\",\"inLanguage\":\"fr-FR\",\"potentialAction\":[{\"@type\":\"ReadAction\",\"target\":[\"https:\/\/piquin-restaurant.fr\/blog\/a-la-une\/decouvrez-la-recette-des-vers-de-farine-un-delice-nutritif-et-durable\/\"]}]},{\"@type\":\"ImageObject\",\"inLanguage\":\"fr-FR\",\"@id\":\"https:\/\/piquin-restaurant.fr\/blog\/a-la-une\/decouvrez-la-recette-des-vers-de-farine-un-delice-nutritif-et-durable\/#primaryimage\",\"url\":\"https:\/\/piquin-restaurant.fr\/blog\/wp-content\/uploads\/2025\/05\/sdxl-2293b82368957f6ab302ba1ba09e62ad-scaled.png\",\"contentUrl\":\"https:\/\/piquin-restaurant.fr\/blog\/wp-content\/uploads\/2025\/05\/sdxl-2293b82368957f6ab302ba1ba09e62ad-scaled.png\",\"width\":1200,\"height\":500},{\"@type\":\"WebSite\",\"@id\":\"https:\/\/piquin-restaurant.fr\/blog\/#website\",\"url\":\"https:\/\/piquin-restaurant.fr\/blog\/\",\"name\":\"Piquin Magazine\",\"description\":\"Votre destination gourmande.\",\"publisher\":{\"@id\":\"https:\/\/piquin-restaurant.fr\/blog\/#organization\"},\"alternateName\":\"Votre destination gourmande.\",\"potentialAction\":[{\"@type\":\"SearchAction\",\"target\":{\"@type\":\"EntryPoint\",\"urlTemplate\":\"https:\/\/piquin-restaurant.fr\/blog\/?s={search_term_string}\"},\"query-input\":{\"@type\":\"PropertyValueSpecification\",\"valueRequired\":true,\"valueName\":\"search_term_string\"}}],\"inLanguage\":\"fr-FR\"},{\"@type\":\"Organization\",\"@id\":\"https:\/\/piquin-restaurant.fr\/blog\/#organization\",\"name\":\"Piquin Magazine\",\"alternateName\":\"Piquin\",\"url\":\"https:\/\/piquin-restaurant.fr\/blog\/\",\"logo\":{\"@type\":\"ImageObject\",\"inLanguage\":\"fr-FR\",\"@id\":\"https:\/\/piquin-restaurant.fr\/blog\/#\/schema\/logo\/image\/\",\"url\":\"https:\/\/piquin-restaurant.fr\/blog\/wp-content\/uploads\/2026\/07\/logo-auto.png\",\"contentUrl\":\"https:\/\/piquin-restaurant.fr\/blog\/wp-content\/uploads\/2026\/07\/logo-auto.png\",\"width\":1024,\"height\":1024,\"caption\":\"Piquin Magazine\"},\"image\":{\"@id\":\"https:\/\/piquin-restaurant.fr\/blog\/#\/schema\/logo\/image\/\"}},{\"@type\":\"Person\",\"@id\":\"https:\/\/piquin-restaurant.fr\/blog\/#\/schema\/person\/3c864cdc320801e3db34b663e7e3f816\",\"name\":\"Laura Gauthereau\",\"image\":{\"@type\":\"ImageObject\",\"inLanguage\":\"fr-FR\",\"@id\":\"https:\/\/piquin-restaurant.fr\/blog\/#\/schema\/person\/image\/\",\"url\":\"https:\/\/piquin-restaurant.fr\/blog\/wp-content\/uploads\/2026\/06\/persona_laura-g-96x96.jpg\",\"contentUrl\":\"https:\/\/piquin-restaurant.fr\/blog\/wp-content\/uploads\/2026\/06\/persona_laura-g-96x96.jpg\",\"caption\":\"Laura Gauthereau\"},\"description\":\"La cuisine est ma passion devenue m\u00e9tier : je r\u00e9dige sur la gastronomie, les recettes et l'art de bien manger depuis une dizaine d'ann\u00e9es. J'explore aussi bien la cuisine du quotidien que des univers plus pointus \u2014 le barbecue ma\u00eetris\u00e9, les saveurs de rue revisit\u00e9es, la p\u00e2tisserie ou la d\u00e9couverte des bonnes tables. J'aime expliquer le pourquoi d'une technique autant que le comment : pourquoi saisir, pourquoi laisser reposer, pourquoi cette association de go\u00fbts fonctionne. Avant de publier une recette, je la teste, j'ajuste les quantit\u00e9s et les temps de cuisson, et je propose des alternatives selon les r\u00e9gimes et les budgets. Je me m\u00e9fie des tendances qui ne tiennent pas en bouche. Mon angle : donner envie de cuisiner en rendant les choses accessibles, du d\u00e9butant intimid\u00e9 au gourmand qui veut progresser. Le plaisir reste mon premier crit\u00e8re, devant la performance.\",\"sameAs\":[\"https:\/\/lauragauthereau.fr\/\"],\"url\":\"https:\/\/piquin-restaurant.fr\/blog\/auteur\/noname\/\"}]}<\/script>\n<!-- \/ Yoast SEO Premium plugin. -->","yoast_head_json":{"title":"D\u00e9couvrez la recette des vers de farine : un d\u00e9lice nutritif et durable","description":"Introduction : un ingr\u00e9dient surprenant Avec une prise de conscience croissante sur l'impact environnemental de notre alimentation, ces petites cr\u00e9atures","robots":{"index":"index","follow":"follow","max-snippet":"max-snippet:-1","max-image-preview":"max-image-preview:large","max-video-preview":"max-video-preview:-1"},"canonical":"https:\/\/piquin-restaurant.fr\/blog\/a-la-une\/decouvrez-la-recette-des-vers-de-farine-un-delice-nutritif-et-durable\/","og_locale":"fr_FR","og_type":"article","og_title":"D\u00e9couvrez la recette des vers de farine : un d\u00e9lice nutritif et durable","og_description":"Introduction : un ingr\u00e9dient surprenant Avec une prise de conscience croissante sur l'impact environnemental de notre alimentation, ces petites cr\u00e9atures","og_url":"https:\/\/piquin-restaurant.fr\/blog\/a-la-une\/decouvrez-la-recette-des-vers-de-farine-un-delice-nutritif-et-durable\/","og_site_name":"piquin-restaurant","author":"Laura Gauthereau","twitter_card":"summary_large_image","schema":{"@context":"https:\/\/schema.org","@graph":[{"@type":"NewsArticle","@id":"https:\/\/piquin-restaurant.fr\/blog\/a-la-une\/decouvrez-la-recette-des-vers-de-farine-un-delice-nutritif-et-durable\/#article","isPartOf":{"@id":"https:\/\/piquin-restaurant.fr\/blog\/a-la-une\/decouvrez-la-recette-des-vers-de-farine-un-delice-nutritif-et-durable\/"},"author":{"name":"Laura Gauthereau","@id":"https:\/\/piquin-restaurant.fr\/blog\/#\/schema\/person\/3c864cdc320801e3db34b663e7e3f816"},"headline":"D\u00e9couvrez la recette des vers de farine : un d\u00e9lice nutritif et durable","datePublished":"2025-05-08T15:15:00+00:00","mainEntityOfPage":{"@id":"https:\/\/piquin-restaurant.fr\/blog\/a-la-une\/decouvrez-la-recette-des-vers-de-farine-un-delice-nutritif-et-durable\/"},"wordCount":572,"commentCount":24,"publisher":{"@id":"https:\/\/piquin-restaurant.fr\/blog\/#organization"},"image":{"@id":"https:\/\/piquin-restaurant.fr\/blog\/a-la-une\/decouvrez-la-recette-des-vers-de-farine-un-delice-nutritif-et-durable\/#primaryimage"},"thumbnailUrl":"https:\/\/piquin-restaurant.fr\/blog\/wp-content\/uploads\/2025\/05\/sdxl-2293b82368957f6ab302ba1ba09e62ad-scaled.png","keywords":["\u00c9coresponsable","Impact Environnemental","Nutrition","Prot\u00e9ines","Recette","Vers de Farine"],"articleSection":["\u00c0 la une"],"inLanguage":"fr-FR","potentialAction":[{"@type":"CommentAction","name":"Comment","target":["https:\/\/piquin-restaurant.fr\/blog\/a-la-une\/decouvrez-la-recette-des-vers-de-farine-un-delice-nutritif-et-durable\/#respond"]}]},{"@type":"WebPage","@id":"https:\/\/piquin-restaurant.fr\/blog\/a-la-une\/decouvrez-la-recette-des-vers-de-farine-un-delice-nutritif-et-durable\/","url":"https:\/\/piquin-restaurant.fr\/blog\/a-la-une\/decouvrez-la-recette-des-vers-de-farine-un-delice-nutritif-et-durable\/","name":"D\u00e9couvrez la recette des vers de farine : un d\u00e9lice nutritif et durable","isPartOf":{"@id":"https:\/\/piquin-restaurant.fr\/blog\/#website"},"primaryImageOfPage":{"@id":"https:\/\/piquin-restaurant.fr\/blog\/a-la-une\/decouvrez-la-recette-des-vers-de-farine-un-delice-nutritif-et-durable\/#primaryimage"},"image":{"@id":"https:\/\/piquin-restaurant.fr\/blog\/a-la-une\/decouvrez-la-recette-des-vers-de-farine-un-delice-nutritif-et-durable\/#primaryimage"},"thumbnailUrl":"https:\/\/piquin-restaurant.fr\/blog\/wp-content\/uploads\/2025\/05\/sdxl-2293b82368957f6ab302ba1ba09e62ad-scaled.png","datePublished":"2025-05-08T15:15:00+00:00","description":"Introduction : un ingr\u00e9dient surprenant Avec une prise de conscience croissante sur l'impact environnemental de notre alimentation, ces petites cr\u00e9atures","inLanguage":"fr-FR","potentialAction":[{"@type":"ReadAction","target":["https:\/\/piquin-restaurant.fr\/blog\/a-la-une\/decouvrez-la-recette-des-vers-de-farine-un-delice-nutritif-et-durable\/"]}]},{"@type":"ImageObject","inLanguage":"fr-FR","@id":"https:\/\/piquin-restaurant.fr\/blog\/a-la-une\/decouvrez-la-recette-des-vers-de-farine-un-delice-nutritif-et-durable\/#primaryimage","url":"https:\/\/piquin-restaurant.fr\/blog\/wp-content\/uploads\/2025\/05\/sdxl-2293b82368957f6ab302ba1ba09e62ad-scaled.png","contentUrl":"https:\/\/piquin-restaurant.fr\/blog\/wp-content\/uploads\/2025\/05\/sdxl-2293b82368957f6ab302ba1ba09e62ad-scaled.png","width":1200,"height":500},{"@type":"WebSite","@id":"https:\/\/piquin-restaurant.fr\/blog\/#website","url":"https:\/\/piquin-restaurant.fr\/blog\/","name":"Piquin Magazine","description":"Votre destination gourmande.","publisher":{"@id":"https:\/\/piquin-restaurant.fr\/blog\/#organization"},"alternateName":"Votre destination gourmande.","potentialAction":[{"@type":"SearchAction","target":{"@type":"EntryPoint","urlTemplate":"https:\/\/piquin-restaurant.fr\/blog\/?s={search_term_string}"},"query-input":{"@type":"PropertyValueSpecification","valueRequired":true,"valueName":"search_term_string"}}],"inLanguage":"fr-FR"},{"@type":"Organization","@id":"https:\/\/piquin-restaurant.fr\/blog\/#organization","name":"Piquin Magazine","alternateName":"Piquin","url":"https:\/\/piquin-restaurant.fr\/blog\/","logo":{"@type":"ImageObject","inLanguage":"fr-FR","@id":"https:\/\/piquin-restaurant.fr\/blog\/#\/schema\/logo\/image\/","url":"https:\/\/piquin-restaurant.fr\/blog\/wp-content\/uploads\/2026\/07\/logo-auto.png","contentUrl":"https:\/\/piquin-restaurant.fr\/blog\/wp-content\/uploads\/2026\/07\/logo-auto.png","width":1024,"height":1024,"caption":"Piquin Magazine"},"image":{"@id":"https:\/\/piquin-restaurant.fr\/blog\/#\/schema\/logo\/image\/"}},{"@type":"Person","@id":"https:\/\/piquin-restaurant.fr\/blog\/#\/schema\/person\/3c864cdc320801e3db34b663e7e3f816","name":"Laura Gauthereau","image":{"@type":"ImageObject","inLanguage":"fr-FR","@id":"https:\/\/piquin-restaurant.fr\/blog\/#\/schema\/person\/image\/","url":"https:\/\/piquin-restaurant.fr\/blog\/wp-content\/uploads\/2026\/06\/persona_laura-g-96x96.jpg","contentUrl":"https:\/\/piquin-restaurant.fr\/blog\/wp-content\/uploads\/2026\/06\/persona_laura-g-96x96.jpg","caption":"Laura Gauthereau"},"description":"La cuisine est ma passion devenue m\u00e9tier : je r\u00e9dige sur la gastronomie, les recettes et l'art de bien manger depuis une dizaine d'ann\u00e9es. J'explore aussi bien la cuisine du quotidien que des univers plus pointus \u2014 le barbecue ma\u00eetris\u00e9, les saveurs de rue revisit\u00e9es, la p\u00e2tisserie ou la d\u00e9couverte des bonnes tables. J'aime expliquer le pourquoi d'une technique autant que le comment : pourquoi saisir, pourquoi laisser reposer, pourquoi cette association de go\u00fbts fonctionne. Avant de publier une recette, je la teste, j'ajuste les quantit\u00e9s et les temps de cuisson, et je propose des alternatives selon les r\u00e9gimes et les budgets. Je me m\u00e9fie des tendances qui ne tiennent pas en bouche. Mon angle : donner envie de cuisiner en rendant les choses accessibles, du d\u00e9butant intimid\u00e9 au gourmand qui veut progresser. Le plaisir reste mon premier crit\u00e8re, devant la performance.","sameAs":["https:\/\/lauragauthereau.fr\/"],"url":"https:\/\/piquin-restaurant.fr\/blog\/auteur\/noname\/"}]}},"_links":{"self":[{"href":"https:\/\/piquin-restaurant.fr\/blog\/wp-json\/wp\/v2\/posts\/8965","targetHints":{"allow":["GET"]}}],"collection":[{"href":"https:\/\/piquin-restaurant.fr\/blog\/wp-json\/wp\/v2\/posts"}],"about":[{"href":"https:\/\/piquin-restaurant.fr\/blog\/wp-json\/wp\/v2\/types\/post"}],"author":[{"embeddable":true,"href":"https:\/\/piquin-restaurant.fr\/blog\/wp-json\/wp\/v2\/users\/34"}],"replies":[{"embeddable":true,"href":"https:\/\/piquin-restaurant.fr\/blog\/wp-json\/wp\/v2\/comments?post=8965"}],"version-history":[{"count":1,"href":"https:\/\/piquin-restaurant.fr\/blog\/wp-json\/wp\/v2\/posts\/8965\/revisions"}],"predecessor-version":[{"id":10606,"href":"https:\/\/piquin-restaurant.fr\/blog\/wp-json\/wp\/v2\/posts\/8965\/revisions\/10606"}],"wp:featuredmedia":[{"embeddable":true,"href":"https:\/\/piquin-restaurant.fr\/blog\/wp-json\/wp\/v2\/media\/10693"}],"wp:attachment":[{"href":"https:\/\/piquin-restaurant.fr\/blog\/wp-json\/wp\/v2\/media?parent=8965"}],"wp:term":[{"taxonomy":"category","embeddable":true,"href":"https:\/\/piquin-restaurant.fr\/blog\/wp-json\/wp\/v2\/categories?post=8965"},{"taxonomy":"post_tag","embeddable":true,"href":"https:\/\/piquin-restaurant.fr\/blog\/wp-json\/wp\/v2\/tags?post=8965"}],"curies":[{"name":"wp","href":"https:\/\/api.w.org\/{rel}","templated":true}]}}